{"id":141076,"date":"2022-01-15T11:42:55","date_gmt":"2022-01-15T14:42:55","guid":{"rendered":"http:\/\/centraldeportes.com.ar\/?p=10480"},"modified":"2025-02-02T02:43:58","modified_gmt":"2025-02-02T05:43:58","slug":"racing-entreno-completo-y-conocio-rivales-en-la-liga-federal","status":"publish","type":"post","link":"https:\/\/cdnoticias.com\/index.php\/2022\/01\/15\/racing-entreno-completo-y-conocio-rivales-en-la-liga-federal\/","title":{"rendered":"Racing entren\u00f3 completo y conoci\u00f3 rivales en La Liga Federal"},"content":{"rendered":"<p>Luego de una primera semana de pretemporada con plantel reducido debido a casos de Covid19, Racing tuvo sus primeros entrenamientos con el equipo completo y adem\u00e1s conoci\u00f3 a sus rivales en la primera fase de La Liga Federal que comenzar\u00e1 a fines del mes de enero.<!--more--><\/p>\n<hr \/>\n<p>En la noche del viernes, los dirigidos por Mat\u00edas Orlando completaron la primera semana completa de pretemporada, es que luego de un inicio con plantel reducido, ya todos los jugadores se recuperaron del coronavirus y se pusieron a disposici\u00f3n.<\/p>\n<p>&nbsp;<\/p>\n<p>Con ejercicios din\u00e1micos de definici\u00f3n y con varios m\u00f3dulos de b\u00e1squet finaliz\u00f3 la semana que tuvo la presencia de Mat\u00edas Santana entrenando a la par de sus compa\u00f1eros.<\/p>\n<p>&nbsp;<\/p>\n<p>Por otro lado, en una \u00faltima reuni\u00f3n con los organizadores, los \u201cChairas\u201d conocieron a sus primeros rivales para disputar la Regi\u00f3n Bonaerense que se jugar\u00e1 bajo la modalidad de hexagonal junto a Independiente de Tandil, Uni\u00f3n de Mar del Plata, Col\u00f3n de Chivilcoy, Estudiantes de La Plata y Atl\u00e9tico Pilar.<\/p>\n<p>&nbsp;<\/p>\n<p>[soliloquy slug=&#8221;prete-racing&#8221;]<\/p>\n<p>&nbsp;<\/p>\n<p>El formato establece que esta zona bonaerense incluya quince fechas, bajo el formato todos contra todos a tres ruedas. En las primeras dos, se invertir\u00e1n las local\u00edas, mientras que las canchas a utilizar en la tercera vuelta se resolver\u00e1 con un sorteo.<\/p>\n<p>&nbsp;<\/p>\n<p>Una vez disputadas las quince jornadas, los cuatro primeros avanzar\u00e1n a los Playoff, mientras que quinto y sexto habr\u00e1n finalizado su participaci\u00f3n.<\/p>\n","protected":false},"excerpt":{"rendered":"<p>Luego de una primera semana de pretemporada con plantel reducido debido a casos de Covid19, Racing tuvo sus primeros entrenamientos<\/p>\n","protected":false},"author":96739694,"featured_media":0,"comment_status":"closed","ping_status":"closed","sticky":false,"template":"","format":"standard","meta":{"_jetpack_memberships_contains_paid_content":false,"footnotes":""},"categories":[31,1,57],"tags":[],"class_list":["post-141076","post","type-post","status-publish","format-standard","hentry","category-basquet","category-portada","category-torneo-federal"],"jetpack_featured_media_url":"","jetpack_sharing_enabled":true,"_links":{"self":[{"href":"https:\/\/cdnoticias.com\/index.php\/wp-json\/wp\/v2\/posts\/141076","targetHints":{"allow":["GET"]}}],"collection":[{"href":"https:\/\/cdnoticias.com\/index.php\/wp-json\/wp\/v2\/posts"}],"about":[{"href":"https:\/\/cdnoticias.com\/index.php\/wp-json\/wp\/v2\/types\/post"}],"author":[{"embeddable":true,"href":"https:\/\/cdnoticias.com\/index.php\/wp-json\/wp\/v2\/users\/96739694"}],"replies":[{"embeddable":true,"href":"https:\/\/cdnoticias.com\/index.php\/wp-json\/wp\/v2\/comments?post=141076"}],"version-history":[{"count":0,"href":"https:\/\/cdnoticias.com\/index.php\/wp-json\/wp\/v2\/posts\/141076\/revisions"}],"wp:attachment":[{"href":"https:\/\/cdnoticias.com\/index.php\/wp-json\/wp\/v2\/media?parent=141076"}],"wp:term":[{"taxonomy":"category","embeddable":true,"href":"https:\/\/cdnoticias.com\/index.php\/wp-json\/wp\/v2\/categories?post=141076"},{"taxonomy":"post_tag","embeddable":true,"href":"https:\/\/cdnoticias.com\/index.php\/wp-json\/wp\/v2\/tags?post=141076"}],"curies":[{"name":"wp","href":"https:\/\/api.w.org\/{rel}","templated":true}]}}