{"id":141053,"date":"2022-01-10T20:24:10","date_gmt":"2022-01-10T23:24:10","guid":{"rendered":"http:\/\/centraldeportes.com.ar\/?p=10400"},"modified":"2025-02-02T02:14:34","modified_gmt":"2025-02-02T05:14:34","slug":"un-chaira-continuara-su-formacion-en-la-academia-mascherano","status":"publish","type":"post","link":"https:\/\/cdnoticias.com\/index.php\/2022\/01\/10\/un-chaira-continuara-su-formacion-en-la-academia-mascherano\/","title":{"rendered":"Un \u201cChaira\u201d continuar\u00e1 su formaci\u00f3n en la Academia Mascherano"},"content":{"rendered":"<p>Bernardo P\u00e9rez viaj\u00f3 a Lincoln para continuar con su formaci\u00f3n en la Academia Javier Mascherano.<!--more--><\/p>\n<hr \/>\n<p>El jugador que curs\u00f3 sus primeros pasos en Racing, fue confirmado como nuevo futbolista de la Academia Mascherano, entidad donde fue sometido a diversas instancias de pruebas.<\/p>\n<p>&nbsp;<\/p>\n<p>La Academia es un Centro Formativo de Alto Rendimiento que se encuentra en Lincoln y hab\u00eda llegado en agosto pasado a Olavarr\u00eda a observar futbolistas.<\/p>\n<p>&nbsp;<\/p>\n<p>P\u00e9rez fue seleccionado en la cancha del Club Loma Negra y luego viaj\u00f3 a someterse a nueva instancias de captaci\u00f3n que logr\u00f3 sortear con \u00e9xito.<\/p>\n","protected":false},"excerpt":{"rendered":"<p>Bernardo P\u00e9rez viaj\u00f3 a Lincoln para continuar con su formaci\u00f3n en la Academia Javier Mascherano.<\/p>\n","protected":false},"author":96739694,"featured_media":146191,"comment_status":"closed","ping_status":"closed","sticky":false,"template":"","format":"standard","meta":{"_jetpack_memberships_contains_paid_content":false,"footnotes":""},"categories":[35,40],"tags":[],"class_list":["post-141053","post","type-post","status-publish","format-standard","has-post-thumbnail","hentry","category-futbol","category-inferiores"],"jetpack_featured_media_url":"https:\/\/i0.wp.com\/cdnoticias.com\/wp-content\/uploads\/2022\/01\/271706321_4822178724494279_7862041286991676461_n-e1641857041785.jpg?fit=896%2C694&ssl=1","jetpack_sharing_enabled":true,"_links":{"self":[{"href":"https:\/\/cdnoticias.com\/index.php\/wp-json\/wp\/v2\/posts\/141053","targetHints":{"allow":["GET"]}}],"collection":[{"href":"https:\/\/cdnoticias.com\/index.php\/wp-json\/wp\/v2\/posts"}],"about":[{"href":"https:\/\/cdnoticias.com\/index.php\/wp-json\/wp\/v2\/types\/post"}],"author":[{"embeddable":true,"href":"https:\/\/cdnoticias.com\/index.php\/wp-json\/wp\/v2\/users\/96739694"}],"replies":[{"embeddable":true,"href":"https:\/\/cdnoticias.com\/index.php\/wp-json\/wp\/v2\/comments?post=141053"}],"version-history":[{"count":0,"href":"https:\/\/cdnoticias.com\/index.php\/wp-json\/wp\/v2\/posts\/141053\/revisions"}],"wp:featuredmedia":[{"embeddable":true,"href":"https:\/\/cdnoticias.com\/index.php\/wp-json\/wp\/v2\/media\/146191"}],"wp:attachment":[{"href":"https:\/\/cdnoticias.com\/index.php\/wp-json\/wp\/v2\/media?parent=141053"}],"wp:term":[{"taxonomy":"category","embeddable":true,"href":"https:\/\/cdnoticias.com\/index.php\/wp-json\/wp\/v2\/categories?post=141053"},{"taxonomy":"post_tag","embeddable":true,"href":"https:\/\/cdnoticias.com\/index.php\/wp-json\/wp\/v2\/tags?post=141053"}],"curies":[{"name":"wp","href":"https:\/\/api.w.org\/{rel}","templated":true}]}}