{"id":141047,"date":"2022-01-09T23:34:56","date_gmt":"2022-01-10T02:34:56","guid":{"rendered":"http:\/\/centraldeportes.com.ar\/?p=10378"},"modified":"2025-02-02T02:10:25","modified_gmt":"2025-02-02T05:10:25","slug":"el-carbonero-se-trajo-un-empate-de-la-pampa","status":"publish","type":"post","link":"https:\/\/cdnoticias.com\/index.php\/2022\/01\/09\/el-carbonero-se-trajo-un-empate-de-la-pampa\/","title":{"rendered":"El \u201ccarbonero\u201d se trajo un empate de La Pampa"},"content":{"rendered":"<p>Fue 1 a 1 la igualdad entre Ferro y Alvear F.C. por el encuentro de ida de los playoffs de la Regi\u00f3n Pampeana Sur. Hammerschmidt puso en ventaja al \u201ccarbonero\u201d en el primer tiempo y Sosa sell\u00f3 la paridad para el elenco pampeano en la etapa complementaria. La vuelta se jugar\u00e1 el pr\u00f3ximo domingo 16 en el \u201cDomingo Colasurdo\u201d.<!--more--><\/p>\n<hr \/>\n<p>Luego del receso por las fiestas, la pelota volvi\u00f3 a rodar en el Torneo Regional Amateur con el comienzo de la Segunda Ronda. Fue un primer tiempo en el que Ferro golpe\u00f3 en el momento justo; a partir de all\u00ed se propuso aguantar el partido y le pudo haber costado caro ya que la etapa complementaria fue toda pr\u00e1cticamente del conjunto de Intendente Alvear. Gran partido del arquero Fern\u00e1ndez en Ferro, que salv\u00f3 en reiteradas ocasiones a su equipo sobre todo en el segundo tiempo.<\/p>\n<p>&nbsp;<\/p>\n<p>El \u201ccarbonero\u201d comenz\u00f3 muy bien los primeros 45 minutos, quiz\u00e1 de lo mejor del partido, en los que supo presionar bien entre l\u00edneas y no dej\u00f3 jugar c\u00f3modo a Alvear. Es por ello que a los 13\u2019 en un avance del conjunto olavarriense, Hammerschmidt sac\u00f3 un gran zurdazo cruzado y puso la ventaja parcial para los de Romanello.<\/p>\n<p>&nbsp;<\/p>\n<p>Posteriormente cerca de la media hora de juego, el elenco pampeano empez\u00f3 a levantar en el juego, tom\u00f3 la iniciativa y domin\u00f3 el bal\u00f3n por intermedio de Morete que fue de lo m\u00e1s desequilibrante en el \u201cAzul\u201d. No obstante, los dirigidos por Lovera tuvieron las chances para encontrar el empate pero no aprovecharon de forma efectiva cada pelota parada a su favor.<\/p>\n<p>&nbsp;<\/p>\n<p>El complemento fue todo pr\u00e1cticamente del equipo local. En el minuto 50 Morete avis\u00f3 con un tiro libre muy cerca del \u00e1rea, con un zurdazo que roz\u00f3 el palo derecho del arquero Fern\u00e1ndez. Al minuto siguiente, el \u201c1\u201d \u201ccarbonero\u201d le contuvo un gran remate a Viangule y salv\u00f3 a su equipo de la igualdad.<\/p>\n<p>&nbsp;<\/p>\n<p>Alvear continu\u00f3 insistiendo y Ferro aguant\u00f3 como pudo la presi\u00f3n ofensiva para evitar el empate. \u00a0Sin embargo a los 74\u2019 en uno de los tantos ataques del \u201cAzul\u201d, el reci\u00e9n ingresado Alex Sosa sac\u00f3 un bombazo a quemarropa inatajable para Fern\u00e1ndez y puso el 1 a 1 parcial.<\/p>\n<p>&nbsp;<\/p>\n<p>Luego del empate, Alvear sinti\u00f3 el desgaste y el partido se torn\u00f3 chato porque a Ferro le cost\u00f3 en la elaboraci\u00f3n y se remiti\u00f3 a pelotazos a los puntas. Ya sobre el final del partido nuevamente Fern\u00e1ndez se luci\u00f3 ataj\u00e1ndole una pelota con destino de red a Sosa que sac\u00f3 un notable derechazo desde fuera del \u00e1rea.<\/p>\n<p>&nbsp;<\/p>\n<p>De esta manera la llave qued\u00f3 abierta y el pr\u00f3ximo domingo 16 se jugar\u00e1 el encuentro de vuelta en el estadio \u201cDomingo Colasurdo\u201d.<\/p>\n<p>&nbsp;<\/p>\n<p>S\u00edntesis Alvear Football Club \u2013 Ferro Carril Sud:<\/p>\n<p><strong>Alvear F. C. (1): <\/strong>Mart\u00edn Cabrera; Tom\u00e1s Viangule, Axel Bar\u00f3n, Ezequiel Casas, Agust\u00edn C\u00e9spedes; Dar\u00edo Rivadero, Kevin Smaldone (A. Sosa), Marcos Azcurra, Gabriel Flores; C\u00e9sar Morete y Lucas Parodi. DT: Carlos Lovera.<\/p>\n<p><strong>Ferro Carril Sud (1): <\/strong>Pablo Fern\u00e1ndez; Alan Ben\u00edtez, Horacio Balbuena, Mathias Buongiorno, Enzo Su\u00e1rez (U. Raponi); Joaqu\u00edn Cardozo, Maximiliano Gargaglione (E. Sbardolini), Gast\u00f3n Borda, Franco Hammerschmidt (J. Campos); Ignacio Pierce (L. Ferrara) y Alfredo Troncoso. DT: Gustavo Romanello.<\/p>\n<p><strong>Goles<\/strong>: 13m. PT Franco Hammerschmidt (FCS); 29m. ST Alex Sosa (AFC).<\/p>\n<p><strong>Amarillas<\/strong>: Bar\u00f3n y Morete (Alvear); Balbuena, Borda, Pierce y Fern\u00e1ndez (Ferro).<\/p>\n<p><strong>Expulsados<\/strong>: No hubo.<\/p>\n<p><strong>\u00c1rbitro<\/strong>: Cristian Rubiano (Santa Rosa). <strong>Estadio<\/strong>: Avenida San Mart\u00edn.<\/p>\n","protected":false},"excerpt":{"rendered":"<p>Fue 1 a 1 la igualdad entre Ferro y Alvear F.C. por el encuentro de ida de los playoffs de<\/p>\n","protected":false},"author":96739694,"featured_media":146110,"comment_status":"closed","ping_status":"closed","sticky":false,"template":"","format":"standard","meta":{"_jetpack_memberships_contains_paid_content":false,"footnotes":""},"categories":[35,1,54],"tags":[],"class_list":["post-141047","post","type-post","status-publish","format-standard","has-post-thumbnail","hentry","category-futbol","category-portada","category-torneo-regional-amateur"],"jetpack_featured_media_url":"https:\/\/i0.wp.com\/cdnoticias.com\/wp-content\/uploads\/2022\/01\/WhatsApp-Image-2022-01-09-at-22.19.19.jpeg?fit=1600%2C1200&ssl=1","jetpack_sharing_enabled":true,"_links":{"self":[{"href":"https:\/\/cdnoticias.com\/index.php\/wp-json\/wp\/v2\/posts\/141047","targetHints":{"allow":["GET"]}}],"collection":[{"href":"https:\/\/cdnoticias.com\/index.php\/wp-json\/wp\/v2\/posts"}],"about":[{"href":"https:\/\/cdnoticias.com\/index.php\/wp-json\/wp\/v2\/types\/post"}],"author":[{"embeddable":true,"href":"https:\/\/cdnoticias.com\/index.php\/wp-json\/wp\/v2\/users\/96739694"}],"replies":[{"embeddable":true,"href":"https:\/\/cdnoticias.com\/index.php\/wp-json\/wp\/v2\/comments?post=141047"}],"version-history":[{"count":0,"href":"https:\/\/cdnoticias.com\/index.php\/wp-json\/wp\/v2\/posts\/141047\/revisions"}],"wp:featuredmedia":[{"embeddable":true,"href":"https:\/\/cdnoticias.com\/index.php\/wp-json\/wp\/v2\/media\/146110"}],"wp:attachment":[{"href":"https:\/\/cdnoticias.com\/index.php\/wp-json\/wp\/v2\/media?parent=141047"}],"wp:term":[{"taxonomy":"category","embeddable":true,"href":"https:\/\/cdnoticias.com\/index.php\/wp-json\/wp\/v2\/categories?post=141047"},{"taxonomy":"post_tag","embeddable":true,"href":"https:\/\/cdnoticias.com\/index.php\/wp-json\/wp\/v2\/tags?post=141047"}],"curies":[{"name":"wp","href":"https:\/\/api.w.org\/{rel}","templated":true}]}}