{"id":141046,"date":"2022-01-09T23:10:52","date_gmt":"2022-01-10T02:10:52","guid":{"rendered":"http:\/\/centraldeportes.com.ar\/?p=10376"},"modified":"2025-02-02T02:10:31","modified_gmt":"2025-02-02T05:10:31","slug":"el-primer-partido-de-playoff-fue-empate-para-embajadores","status":"publish","type":"post","link":"https:\/\/cdnoticias.com\/index.php\/2022\/01\/09\/el-primer-partido-de-playoff-fue-empate-para-embajadores\/","title":{"rendered":"El primer partido de Playoff fue empate para Embajadores"},"content":{"rendered":"<p>En el Tete Di Carlo, Embajadores recibi\u00f3 a Costa Brava en el comienzo de la llave de Playoff de la Regi\u00f3n Pampeana Sur y fue empate 1 a 1. Juan Manuel \u00c1lvarez igual\u00f3 en la \u00faltima pelota del partido.<!--more--><\/p>\n<hr \/>\n<p>Termin\u00f3 el receso festivo para Embajadores y en la tarde de este domingo inici\u00f3 su suerte en los partidos eliminatorios y luego de ir en desventaja durante todo el cotejo, logr\u00f3 rescatar un punto con un gol al minuto 90\u00b4.<\/p>\n<p>&nbsp;<\/p>\n<p>[soliloquy slug=&#8221;embajadores-2&#8243;]<\/p>\n<p>&nbsp;<\/p>\n<p>Mart\u00edn Abraham hab\u00eda abierto el marcador para Costa Brava en el Tete Di Carlo en la primera llegada clara del partido, cuando apenar iban 8\u00b4 tras aprovechar el centro que lleg\u00f3 desde un c\u00f3rner y lo encontr\u00f3 saltando m\u00e1s alto que todos.<\/p>\n<p>&nbsp;<\/p>\n<p>Nada hab\u00eda pasado en el partido y con la visita en ventaja, al elenco dirigido por Miguel Diorio le cost\u00f3 hacerse del bal\u00f3n y no se sinti\u00f3 c\u00f3modo, pero sali\u00f3 a buscar la igualdad con poca idea y tratando de aprovechar las asociaciones entre Nicol\u00e1s Lareu y Juan Longhini.<\/p>\n<p>&nbsp;<\/p>\n<p>La primera mitad del encuentro en el Tete Di Carlo lleg\u00f3 a su fin con alg\u00fan remate por parte de los locales, pero a\u00fan con los pampeanos en ventaja.<\/p>\n<p>&nbsp;<\/p>\n<p>Los segundos 45 minutos no variaron en intensidad, los locales estuvieron cerca con un remate de Zalazar y otro de Longhini, pero la m\u00e1s clara fue para Costa Brava que pudo ampliar la ventaja con un mano a mano que no logr\u00f3 concretar Guti\u00e9rrez.<\/p>\n<p>&nbsp;<\/p>\n<p>Wiechniak tuvo otra cuando iban 75\u00b4, pero un defensor visitante sac\u00f3 la pelota en la l\u00ednea cuando desde la tribuna ya festejaban el gol, pero de tanto insistir lleg\u00f3 el gol y a los 90\u00b4, Juan Manuel \u00c1lvarez se hizo cargo de una pelota parada, envi\u00f3 el centro al \u00e1rea y en su af\u00e1n de despejar, un defensor desvi\u00f3 la pelota que termin\u00f3 en el fondo de la red.<\/p>\n<p>&nbsp;<\/p>\n<p>Fue empate y nada dicho para la revancha que ser\u00e1 el pr\u00f3ximo fin de semana en La Pampa.<\/p>\n<p>&nbsp;<\/p>\n<p>S\u00edntesis Embajadores \u2013 Racing:<\/p>\n<p><strong style=\"font-style: inherit;\">Embajadores (1):\u00a0<\/strong>Rodrigo Vivas; Braian Bortolotti, Emilio Ponce, Iv\u00e1n Las Heras, Facundo Wiechniak; Nicol\u00e1s Lareu, Emilio Scipioni, Joel Zalazar, Juan Areco (J. \u00c1lvarez); Alejo Di Carlo (F. Fern\u00e1ndez) y Juan Jos\u00e9 Longhini. DT: Miguel Diorio.<\/p>\n<p><strong style=\"font-style: inherit;\">Costa Brava (1): <\/strong>Lucas Santucho; Tob\u00edas G\u00f3mez, Pablo Ag\u00fcero, Facundo Jofre, Enzo Lucero; Facundo Montero, Rodrigo Mart\u00edn, Esteban Guti\u00e9rrez; Lautaro Ibarra; Facundo Petisco y Mart\u00edn Abraham. DT- Adri\u00e1n Hormaechea<\/p>\n<p><strong>Goles<\/strong>: 8m. PT Mart\u00edn Abraham (CB); 45m. ST Juan Manuel \u00c1lvarez (CEO)<\/p>\n<p><strong>Amarillas<\/strong>: Bortolotti, Areco (Embajadores); Lucero, Montero, Mart\u00edn, Lastra (Costa Brava)<\/p>\n<p><strong style=\"font-style: inherit;\">Expulsados<\/strong>: No hubo<\/p>\n<p><strong style=\"font-style: inherit;\">\u00c1rbitro<\/strong>: Marcos Altamiranda (Tandil).\u00a0<strong style=\"font-style: inherit;\">Estadio<\/strong>: Clemente Di Carlo.<\/p>\n","protected":false},"excerpt":{"rendered":"<p>En el Tete Di Carlo, Embajadores recibi\u00f3 a Costa Brava en el comienzo de la llave de Playoff de la<\/p>\n","protected":false},"author":96739694,"featured_media":0,"comment_status":"closed","ping_status":"closed","sticky":false,"template":"","format":"standard","meta":{"_jetpack_memberships_contains_paid_content":false,"footnotes":""},"categories":[35,1,54],"tags":[],"class_list":["post-141046","post","type-post","status-publish","format-standard","hentry","category-futbol","category-portada","category-torneo-regional-amateur"],"jetpack_featured_media_url":"","jetpack_sharing_enabled":true,"_links":{"self":[{"href":"https:\/\/cdnoticias.com\/index.php\/wp-json\/wp\/v2\/posts\/141046","targetHints":{"allow":["GET"]}}],"collection":[{"href":"https:\/\/cdnoticias.com\/index.php\/wp-json\/wp\/v2\/posts"}],"about":[{"href":"https:\/\/cdnoticias.com\/index.php\/wp-json\/wp\/v2\/types\/post"}],"author":[{"embeddable":true,"href":"https:\/\/cdnoticias.com\/index.php\/wp-json\/wp\/v2\/users\/96739694"}],"replies":[{"embeddable":true,"href":"https:\/\/cdnoticias.com\/index.php\/wp-json\/wp\/v2\/comments?post=141046"}],"version-history":[{"count":0,"href":"https:\/\/cdnoticias.com\/index.php\/wp-json\/wp\/v2\/posts\/141046\/revisions"}],"wp:attachment":[{"href":"https:\/\/cdnoticias.com\/index.php\/wp-json\/wp\/v2\/media?parent=141046"}],"wp:term":[{"taxonomy":"category","embeddable":true,"href":"https:\/\/cdnoticias.com\/index.php\/wp-json\/wp\/v2\/categories?post=141046"},{"taxonomy":"post_tag","embeddable":true,"href":"https:\/\/cdnoticias.com\/index.php\/wp-json\/wp\/v2\/tags?post=141046"}],"curies":[{"name":"wp","href":"https:\/\/api.w.org\/{rel}","templated":true}]}}