{"id":141033,"date":"2022-01-08T15:31:06","date_gmt":"2022-01-08T18:31:06","guid":{"rendered":"http:\/\/centraldeportes.com.ar\/?p=10318"},"modified":"2025-02-02T02:08:31","modified_gmt":"2025-02-02T05:08:31","slug":"pedro-goyeneche-es-el-nuevo-presidente-de-la-comision-municipal-de-box","status":"publish","type":"post","link":"https:\/\/cdnoticias.com\/index.php\/2022\/01\/08\/pedro-goyeneche-es-el-nuevo-presidente-de-la-comision-municipal-de-box\/","title":{"rendered":"Pedro Goyeneche es el nuevo presidente de la Comisi\u00f3n Municipal de Box"},"content":{"rendered":"<p>En los \u00faltimos d\u00edas qued\u00f3 definida la conformaci\u00f3n que tendr\u00e1 la Comisi\u00f3n Municipal de Boxeo tras el alejamiento de su presidente Fernando Pereyra y de otros los integrantes y el nuevo presidente es Pedro Goyeneche.<!--more--><\/p>\n<hr \/>\n<p>Tal como establece la reglamentaci\u00f3n, a propuesta del ente municipal de deportes, el intendente Ezequiel Galli aprob\u00f3 la n\u00f3mina que encabeza Goyeneche quien se\u00f1al\u00f3 que \u201c<em>ser\u00e1 una continuidad de lo que ven\u00edamos haciendo con Fernando (Pereyra), que va a seguir con nosotros. Siempre bajo el reglamento FAB y junto a la Subsecretar\u00eda de Deportes y Recreaci\u00f3n de Olavarr\u00eda de la que dependemos. Vamos a necesitar que todos colaboren<\/em>\u201d.<\/p>\n<p>&nbsp;<\/p>\n<p>El flamante presidente tiene 55 a\u00f1os, es un reconocido vecino y deportista, ex boxeador amateur, juez amateur, y propietario desde un taller de rectificaci\u00f3n de tapas de cilindros. Juega al tenis, al newcom y durante muchos a\u00f1os disfrut\u00f3 del automovilismo como piloto en las categor\u00edas zonales.<\/p>\n<p>&nbsp;<\/p>\n<p>Goyeneche estar\u00e1 acompa\u00f1ado por Jorge Ortega que ser\u00e1 el vicepresidente, la secretaria ser\u00e1 Jennifer Gisel Ortega y los vocales Walter Guti\u00e9rrez, Silvia Herrera, Germ\u00e1n Bayala, Federico Gosso, Pedro Pesado, Ariel Fierro y Oscar Rivera.<\/p>\n<p>&nbsp;<\/p>\n<p>Por su parte, el vice Jorge Ortega es ingeniero electromec\u00e1nico, empresario del rubro metal\u00fargico. Desde ni\u00f1o estuvo relacionado con los deportes de contacto (boxeo y artes marciales como karate, aikido y kun-fu). Es entrenador de defensa personal aunque desde hace algunos a\u00f1os no ejerce.<\/p>\n","protected":false},"excerpt":{"rendered":"<p>En los \u00faltimos d\u00edas qued\u00f3 definida la conformaci\u00f3n que tendr\u00e1 la Comisi\u00f3n Municipal de Boxeo tras el alejamiento de su<\/p>\n","protected":false},"author":96739694,"featured_media":146064,"comment_status":"closed","ping_status":"closed","sticky":false,"template":"","format":"standard","meta":{"_jetpack_memberships_contains_paid_content":false,"footnotes":""},"categories":[30,1],"tags":[],"class_list":["post-141033","post","type-post","status-publish","format-standard","has-post-thumbnail","hentry","category-polideportivo","category-portada"],"jetpack_featured_media_url":"https:\/\/i0.wp.com\/cdnoticias.com\/wp-content\/uploads\/2022\/01\/WhatsApp-Image-2022-01-08-at-13.55.10.jpeg?fit=1280%2C960&ssl=1","jetpack_sharing_enabled":true,"_links":{"self":[{"href":"https:\/\/cdnoticias.com\/index.php\/wp-json\/wp\/v2\/posts\/141033","targetHints":{"allow":["GET"]}}],"collection":[{"href":"https:\/\/cdnoticias.com\/index.php\/wp-json\/wp\/v2\/posts"}],"about":[{"href":"https:\/\/cdnoticias.com\/index.php\/wp-json\/wp\/v2\/types\/post"}],"author":[{"embeddable":true,"href":"https:\/\/cdnoticias.com\/index.php\/wp-json\/wp\/v2\/users\/96739694"}],"replies":[{"embeddable":true,"href":"https:\/\/cdnoticias.com\/index.php\/wp-json\/wp\/v2\/comments?post=141033"}],"version-history":[{"count":0,"href":"https:\/\/cdnoticias.com\/index.php\/wp-json\/wp\/v2\/posts\/141033\/revisions"}],"wp:featuredmedia":[{"embeddable":true,"href":"https:\/\/cdnoticias.com\/index.php\/wp-json\/wp\/v2\/media\/146064"}],"wp:attachment":[{"href":"https:\/\/cdnoticias.com\/index.php\/wp-json\/wp\/v2\/media?parent=141033"}],"wp:term":[{"taxonomy":"category","embeddable":true,"href":"https:\/\/cdnoticias.com\/index.php\/wp-json\/wp\/v2\/categories?post=141033"},{"taxonomy":"post_tag","embeddable":true,"href":"https:\/\/cdnoticias.com\/index.php\/wp-json\/wp\/v2\/tags?post=141033"}],"curies":[{"name":"wp","href":"https:\/\/api.w.org\/{rel}","templated":true}]}}