{"id":141028,"date":"2022-01-07T16:02:58","date_gmt":"2022-01-07T19:02:58","guid":{"rendered":"http:\/\/centraldeportes.com.ar\/?p=10301"},"modified":"2025-02-02T02:09:12","modified_gmt":"2025-02-02T05:09:12","slug":"las-inferiores-de-racing-empezaron-a-entrenar","status":"publish","type":"post","link":"https:\/\/cdnoticias.com\/index.php\/2022\/01\/07\/las-inferiores-de-racing-empezaron-a-entrenar\/","title":{"rendered":"Las Inferiores de Racing empezaron a entrenar"},"content":{"rendered":"<p>Las categor\u00edas formativas del f\u00fatbol de Racing A. Club iniciaron el pasado jueves con la pretemporada de cara a la reanudaci\u00f3n de las competencias.<!--more--><\/p>\n<hr \/>\n<p>El pasado jueves iniciaron, en el Predio Independencia, los entrenamientos los futbolistas en formaci\u00f3n del \u201cChaira\u201d.<\/p>\n<p>&nbsp;<\/p>\n<p>Los horarios de los entrenamientos son:<\/p>\n<p>2003, 2004, 2005 y 2006, a las 8 en el Predio Independencia<\/p>\n<p>2007 y 2008, desde las 10 en el Predio Independencia<\/p>\n<p>Categor\u00eda 2009, a las 8:30 en el Predio Independencia<\/p>\n<p>Categor\u00eda 2010, desde las 10 en el Predio Independencia<\/p>\n<p>Por cualquier consulta pueden comunicarse con la secretaria del club al 415293.<\/p>\n","protected":false},"excerpt":{"rendered":"<p>Las categor\u00edas formativas del f\u00fatbol de Racing A. Club iniciaron el pasado jueves con la pretemporada de cara a la<\/p>\n","protected":false},"author":96739694,"featured_media":145350,"comment_status":"closed","ping_status":"closed","sticky":false,"template":"","format":"standard","meta":{"_jetpack_memberships_contains_paid_content":false,"footnotes":""},"categories":[35,40,1],"tags":[],"class_list":["post-141028","post","type-post","status-publish","format-standard","has-post-thumbnail","hentry","category-futbol","category-inferiores","category-portada"],"jetpack_featured_media_url":"https:\/\/i0.wp.com\/cdnoticias.com\/wp-content\/uploads\/2021\/12\/fortin-racing-inferiores-2.png?fit=1280%2C853&ssl=1","jetpack_sharing_enabled":true,"_links":{"self":[{"href":"https:\/\/cdnoticias.com\/index.php\/wp-json\/wp\/v2\/posts\/141028","targetHints":{"allow":["GET"]}}],"collection":[{"href":"https:\/\/cdnoticias.com\/index.php\/wp-json\/wp\/v2\/posts"}],"about":[{"href":"https:\/\/cdnoticias.com\/index.php\/wp-json\/wp\/v2\/types\/post"}],"author":[{"embeddable":true,"href":"https:\/\/cdnoticias.com\/index.php\/wp-json\/wp\/v2\/users\/96739694"}],"replies":[{"embeddable":true,"href":"https:\/\/cdnoticias.com\/index.php\/wp-json\/wp\/v2\/comments?post=141028"}],"version-history":[{"count":0,"href":"https:\/\/cdnoticias.com\/index.php\/wp-json\/wp\/v2\/posts\/141028\/revisions"}],"wp:featuredmedia":[{"embeddable":true,"href":"https:\/\/cdnoticias.com\/index.php\/wp-json\/wp\/v2\/media\/145350"}],"wp:attachment":[{"href":"https:\/\/cdnoticias.com\/index.php\/wp-json\/wp\/v2\/media?parent=141028"}],"wp:term":[{"taxonomy":"category","embeddable":true,"href":"https:\/\/cdnoticias.com\/index.php\/wp-json\/wp\/v2\/categories?post=141028"},{"taxonomy":"post_tag","embeddable":true,"href":"https:\/\/cdnoticias.com\/index.php\/wp-json\/wp\/v2\/tags?post=141028"}],"curies":[{"name":"wp","href":"https:\/\/api.w.org\/{rel}","templated":true}]}}