{"id":141022,"date":"2022-01-06T16:58:05","date_gmt":"2022-01-06T19:58:05","guid":{"rendered":"http:\/\/centraldeportes.com.ar\/?p=10269"},"modified":"2025-02-02T02:06:22","modified_gmt":"2025-02-02T05:06:22","slug":"simon-silber-tiene-nuevo-destino-jugara-en-centenario","status":"publish","type":"post","link":"https:\/\/cdnoticias.com\/index.php\/2022\/01\/06\/simon-silber-tiene-nuevo-destino-jugara-en-centenario\/","title":{"rendered":"Sim\u00f3n Silber tiene nuevo destino: jugar\u00e1 en Centenario"},"content":{"rendered":"<p>El juvenil deportistas olavarriense jugar\u00e1 el Torneo Federal y tras su experiencia en J\u00e1chal, se transform\u00f3 en refuerzo de Centenario de Neuqu\u00e9n.<!--more--><\/p>\n<hr \/>\n<p>Sim\u00f3n Silber jugar\u00e1 la nueva edici\u00f3n del Torneo Federal en Centenario seg\u00fan informaron desde el club neuquino en las \u00faltimas horas.<\/p>\n<p>&nbsp;<\/p>\n<p>La obligatoriedad de contar con varias fichas juveniles en las plantillas, muchos tienen nuevas chances en la tercera categor\u00eda del b\u00e1squet nacional y luego de una temporada sin mucha acci\u00f3n en Uni\u00f3n de Mar del Plata, jugar\u00e1 en la Regi\u00f3n Patag\u00f3nica.<\/p>\n<p>&nbsp;<\/p>\n<p>El surgido en Racing viene de ser subcampe\u00f3n en la competencia provincial de San Juan.<\/p>\n","protected":false},"excerpt":{"rendered":"<p>El juvenil deportistas olavarriense jugar\u00e1 el Torneo Federal y tras su experiencia en J\u00e1chal, se transform\u00f3 en refuerzo de Centenario<\/p>\n","protected":false},"author":96739694,"featured_media":146008,"comment_status":"closed","ping_status":"closed","sticky":false,"template":"","format":"standard","meta":{"_jetpack_memberships_contains_paid_content":false,"footnotes":""},"categories":[31,1,57],"tags":[],"class_list":["post-141022","post","type-post","status-publish","format-standard","has-post-thumbnail","hentry","category-basquet","category-portada","category-torneo-federal"],"jetpack_featured_media_url":"https:\/\/i0.wp.com\/cdnoticias.com\/wp-content\/uploads\/2022\/01\/271139327_10228776323099553_5104823129640246223_n-e1641499077149.jpg?fit=1080%2C653&ssl=1","jetpack_sharing_enabled":true,"_links":{"self":[{"href":"https:\/\/cdnoticias.com\/index.php\/wp-json\/wp\/v2\/posts\/141022","targetHints":{"allow":["GET"]}}],"collection":[{"href":"https:\/\/cdnoticias.com\/index.php\/wp-json\/wp\/v2\/posts"}],"about":[{"href":"https:\/\/cdnoticias.com\/index.php\/wp-json\/wp\/v2\/types\/post"}],"author":[{"embeddable":true,"href":"https:\/\/cdnoticias.com\/index.php\/wp-json\/wp\/v2\/users\/96739694"}],"replies":[{"embeddable":true,"href":"https:\/\/cdnoticias.com\/index.php\/wp-json\/wp\/v2\/comments?post=141022"}],"version-history":[{"count":0,"href":"https:\/\/cdnoticias.com\/index.php\/wp-json\/wp\/v2\/posts\/141022\/revisions"}],"wp:featuredmedia":[{"embeddable":true,"href":"https:\/\/cdnoticias.com\/index.php\/wp-json\/wp\/v2\/media\/146008"}],"wp:attachment":[{"href":"https:\/\/cdnoticias.com\/index.php\/wp-json\/wp\/v2\/media?parent=141022"}],"wp:term":[{"taxonomy":"category","embeddable":true,"href":"https:\/\/cdnoticias.com\/index.php\/wp-json\/wp\/v2\/categories?post=141022"},{"taxonomy":"post_tag","embeddable":true,"href":"https:\/\/cdnoticias.com\/index.php\/wp-json\/wp\/v2\/tags?post=141022"}],"curies":[{"name":"wp","href":"https:\/\/api.w.org\/{rel}","templated":true}]}}