{"id":141018,"date":"2022-01-05T20:34:12","date_gmt":"2022-01-05T23:34:12","guid":{"rendered":"http:\/\/centraldeportes.com.ar\/?p=10249"},"modified":"2025-02-02T02:06:52","modified_gmt":"2025-02-02T05:06:52","slug":"matias-aristu-es-nuevo-jugador-de-estudiantes","status":"publish","type":"post","link":"https:\/\/cdnoticias.com\/index.php\/2022\/01\/05\/matias-aristu-es-nuevo-jugador-de-estudiantes\/","title":{"rendered":"Mat\u00edas Aristu es nuevo jugador de Estudiantes"},"content":{"rendered":"<p>Mat\u00edas Aristu es la nueva cara en Estudiantes seg\u00fan informaron este mi\u00e9rcoles desde la Comisi\u00f3n Directiva del equipo olavarriense que participa en la segunda categor\u00eda del b\u00e1squet nacional.<!--more--><\/p>\n<hr \/>\n<p>El \u201cBataraz\u201d que inici\u00f3 el pasado lunes con los entrenamientos tras el receso festivo confirm\u00f3 este mi\u00e9rcoles una nueva ficha para la reanudaci\u00f3n de La Liga Argentina.<\/p>\n<p>&nbsp;<\/p>\n<p>Mat\u00edas Aristu se sumar\u00e1 a los entrenamientos en la tarde de este mi\u00e9rcoles y ser\u00e1 parte de la gira que Estudiantes tiene prevista desde el pr\u00f3ximo domingo por la provincia de Entre R\u00edos.<\/p>\n<p>&nbsp;<\/p>\n<p>El alero de 193 cent\u00edmetros acord\u00f3 su llegada al conjunto de Cristian Colli tras un paso reciente por Jachal y continuar\u00e1 jugando en la segunda categor\u00eda del b\u00e1squet argentino donde logr\u00f3 dos ascensos, uno con Comunicaciones frente al representante olavarriense en 2017.<\/p>\n","protected":false},"excerpt":{"rendered":"<p>Mat\u00edas Aristu es la nueva cara en Estudiantes seg\u00fan informaron este mi\u00e9rcoles desde la Comisi\u00f3n Directiva del equipo olavarriense que<\/p>\n","protected":false},"author":96739694,"featured_media":146020,"comment_status":"closed","ping_status":"closed","sticky":false,"template":"","format":"standard","meta":{"_jetpack_memberships_contains_paid_content":false,"footnotes":""},"categories":[31,32,1],"tags":[],"class_list":["post-141018","post","type-post","status-publish","format-standard","has-post-thumbnail","hentry","category-basquet","category-liga-argentina","category-portada"],"jetpack_featured_media_url":"https:\/\/i0.wp.com\/cdnoticias.com\/wp-content\/uploads\/2022\/01\/aristu.png?fit=800%2C445&ssl=1","jetpack_sharing_enabled":true,"_links":{"self":[{"href":"https:\/\/cdnoticias.com\/index.php\/wp-json\/wp\/v2\/posts\/141018","targetHints":{"allow":["GET"]}}],"collection":[{"href":"https:\/\/cdnoticias.com\/index.php\/wp-json\/wp\/v2\/posts"}],"about":[{"href":"https:\/\/cdnoticias.com\/index.php\/wp-json\/wp\/v2\/types\/post"}],"author":[{"embeddable":true,"href":"https:\/\/cdnoticias.com\/index.php\/wp-json\/wp\/v2\/users\/96739694"}],"replies":[{"embeddable":true,"href":"https:\/\/cdnoticias.com\/index.php\/wp-json\/wp\/v2\/comments?post=141018"}],"version-history":[{"count":0,"href":"https:\/\/cdnoticias.com\/index.php\/wp-json\/wp\/v2\/posts\/141018\/revisions"}],"wp:featuredmedia":[{"embeddable":true,"href":"https:\/\/cdnoticias.com\/index.php\/wp-json\/wp\/v2\/media\/146020"}],"wp:attachment":[{"href":"https:\/\/cdnoticias.com\/index.php\/wp-json\/wp\/v2\/media?parent=141018"}],"wp:term":[{"taxonomy":"category","embeddable":true,"href":"https:\/\/cdnoticias.com\/index.php\/wp-json\/wp\/v2\/categories?post=141018"},{"taxonomy":"post_tag","embeddable":true,"href":"https:\/\/cdnoticias.com\/index.php\/wp-json\/wp\/v2\/tags?post=141018"}],"curies":[{"name":"wp","href":"https:\/\/api.w.org\/{rel}","templated":true}]}}