{"id":141017,"date":"2022-01-05T17:24:22","date_gmt":"2022-01-05T20:24:22","guid":{"rendered":"http:\/\/centraldeportes.com.ar\/?p=10246"},"modified":"2025-02-02T02:07:00","modified_gmt":"2025-02-02T05:07:00","slug":"el-futbol-solidario-fue-suspendido-pero-reciben-donaciones","status":"publish","type":"post","link":"https:\/\/cdnoticias.com\/index.php\/2022\/01\/05\/el-futbol-solidario-fue-suspendido-pero-reciben-donaciones\/","title":{"rendered":"El f\u00fatbol solidario fue suspendido, pero reciben donaciones"},"content":{"rendered":"<p>La organizaci\u00f3n del tradicional f\u00fatbol solidario anunci\u00f3 que por razones de fuerza mayor, la actividad solidaria que estaba prevista para el pr\u00f3ximo jueves no se realizar\u00e1, aunque se recibir\u00e1n donaciones.<!--more--><\/p>\n<hr \/>\n<p>Al igual que en 2020, el f\u00fatbol solidario tradicional de fin de a\u00f1o en Olavarr\u00eda no podr\u00e1 realizarse, pero igualmente estar\u00e1n recibiendo donaciones para el Hogar de Ancianos y el Hogar de Ni\u00f1as San Jos\u00e9.<\/p>\n<p>&nbsp;<\/p>\n<p>El comunicado: \u201c<em>Por razones de fuerza mayor decidimos suspender esta edici\u00f3n del f\u00fatbol solidario que se iba a realizar en el estadio de El Fort\u00edn, este jueves por la tarde.<\/em><\/p>\n<p><em>Pero a la vez sabemos de las necesidades del Hogar de Ancianos y del Hogar de Ni\u00f1as, por lo que estaremos RECIBIENDO DONACIONES de alimentos no perecederos y\/o productos navide\u00f1os, este JUEVES de 18.30 a 20 hs. en la portada de la cancha del Club El Fort\u00edn, sobre avenida Urquiza.<\/em><\/p>\n<p><em>Agradecemos la colaboraci\u00f3n recibida por parte del Municipio\u00a0 y de todos los que dieron una mano en estas semanas de organizaci\u00f3n.<\/em><\/p>\n<p><em>Ya habr\u00e1 otra oportunidad para reencontrarnos<\/em>\u201d.<\/p>\n","protected":false},"excerpt":{"rendered":"<p>La organizaci\u00f3n del tradicional f\u00fatbol solidario anunci\u00f3 que por razones de fuerza mayor, la actividad solidaria que estaba prevista para<\/p>\n","protected":false},"author":96739694,"featured_media":146026,"comment_status":"closed","ping_status":"closed","sticky":false,"template":"","format":"standard","meta":{"_jetpack_memberships_contains_paid_content":false,"footnotes":""},"categories":[35,37,1,41],"tags":[],"class_list":["post-141017","post","type-post","status-publish","format-standard","has-post-thumbnail","hentry","category-futbol","category-futbol-profesional","category-portada","category-primera-y-reserva"],"jetpack_featured_media_url":"https:\/\/i0.wp.com\/cdnoticias.com\/wp-content\/uploads\/2022\/01\/777.jpg?fit=777%2C437&ssl=1","jetpack_sharing_enabled":true,"_links":{"self":[{"href":"https:\/\/cdnoticias.com\/index.php\/wp-json\/wp\/v2\/posts\/141017","targetHints":{"allow":["GET"]}}],"collection":[{"href":"https:\/\/cdnoticias.com\/index.php\/wp-json\/wp\/v2\/posts"}],"about":[{"href":"https:\/\/cdnoticias.com\/index.php\/wp-json\/wp\/v2\/types\/post"}],"author":[{"embeddable":true,"href":"https:\/\/cdnoticias.com\/index.php\/wp-json\/wp\/v2\/users\/96739694"}],"replies":[{"embeddable":true,"href":"https:\/\/cdnoticias.com\/index.php\/wp-json\/wp\/v2\/comments?post=141017"}],"version-history":[{"count":0,"href":"https:\/\/cdnoticias.com\/index.php\/wp-json\/wp\/v2\/posts\/141017\/revisions"}],"wp:featuredmedia":[{"embeddable":true,"href":"https:\/\/cdnoticias.com\/index.php\/wp-json\/wp\/v2\/media\/146026"}],"wp:attachment":[{"href":"https:\/\/cdnoticias.com\/index.php\/wp-json\/wp\/v2\/media?parent=141017"}],"wp:term":[{"taxonomy":"category","embeddable":true,"href":"https:\/\/cdnoticias.com\/index.php\/wp-json\/wp\/v2\/categories?post=141017"},{"taxonomy":"post_tag","embeddable":true,"href":"https:\/\/cdnoticias.com\/index.php\/wp-json\/wp\/v2\/tags?post=141017"}],"curies":[{"name":"wp","href":"https:\/\/api.w.org\/{rel}","templated":true}]}}