{"id":141014,"date":"2022-01-05T13:48:39","date_gmt":"2022-01-05T16:48:39","guid":{"rendered":"http:\/\/centraldeportes.com.ar\/?p=10233"},"modified":"2025-02-02T02:07:21","modified_gmt":"2025-02-02T05:07:21","slug":"alejandro-weimann-y-miguel-ojeda-dupla-olavarriense-para-el-tc-pista","status":"publish","type":"post","link":"https:\/\/cdnoticias.com\/index.php\/2022\/01\/05\/alejandro-weimann-y-miguel-ojeda-dupla-olavarriense-para-el-tc-pista\/","title":{"rendered":"Alejandro Weimann y Miguel Ojeda, dupla olavarriense para el TC Pista"},"content":{"rendered":"<p>\u201cBebo\u201d Weimann confirm\u00f3 que el \u201cRusito\u201d Ojeda estar\u00e1 a cargo de la motorizaci\u00f3n del auto que continuar\u00e1 siendo atendido por el Azul Sporte Team, compartiendo equipo con Marcos Castro y el asesoramiento del Ingeniero Maximiliano Chiav\u00f3n.<!--more--><\/p>\n<hr \/>\n<p>El TC Pista comenzar\u00e1 su temporada 2022 el pr\u00f3ximo 13 de febrero en el aut\u00f3dromo rionegrino de Viedma y all\u00ed se producir\u00e1 el debut de la dupla olavarriense dentro del TC Pista.<\/p>\n<p>&nbsp;<\/p>\n<p>Alejandro Weimann iniciar\u00e1 su segunda temporada dentro de la categor\u00eda telonera del Turismo Carretera con la incorporaci\u00f3n de Miguel Ojeda, el motorista olavarriense que trabaj\u00f3 durante muchos a\u00f1os con el \u201cGur\u00ed\u201d Omar Mart\u00ednez y que hace unos a\u00f1os se instal\u00f3 nuevamente en la Ciudad para proveer de impulsores a distintos pilotos.<\/p>\n<p>&nbsp;<\/p>\n<p>El \u201cBebo\u201d continuar\u00e1 con el mismo auto, bajo la estructura del Azul Sport Team, pero con cambios. A la estructura azule\u00f1a que dirige Ram\u00f3n Rodr\u00edguez se suma el piloto Marcos Castro, y junto a Weimann compartir\u00e1n el equipo, la motorizaci\u00f3n de Miguel Ojeda y la atenci\u00f3n del ingeniero Maximiliano Chiav\u00f3n, quien ya ven\u00eda trabajando junto a Castro.<\/p>\n<p>&nbsp;<\/p>\n<p>\u201c<strong><em>Estamos muy entusiasmados por el equipo que hemos formado, tenemos buenas expectativas, Maxi ya ha trabajado con el Azul Sport Team, y como con Marcos compart\u00edamos motorista, \u00e9l me ofreci\u00f3 sumar a su ingeniero, as\u00ed que nos pusimos de acuerdo con Ram\u00f3n y vamos a estar los dos compartiendo todo, equipo, motorista e ingeniero de pista<\/em><\/strong>\u201d, coment\u00f3 Weimann que present\u00f3 a trav\u00e9s de sus redes la nueva est\u00e9tica que lucir\u00e1 el Torino.<\/p>\n<p>&nbsp;<\/p>\n<div class=\"tiled-gallery type-rectangular tiled-gallery-unresized\" data-original-width=\"800\" data-carousel-extra='null' itemscope itemtype=\"http:\/\/schema.org\/ImageGallery\" > <div class=\"gallery-row\" style=\"width: 800px; height: 266px;\" data-original-width=\"800\" data-original-height=\"266\" > <div class=\"gallery-group images-1\" style=\"width: 403px; height: 266px;\" data-original-width=\"403\" data-original-height=\"266\" > <div class=\"tiled-gallery-item tiled-gallery-item-large\" itemprop=\"associatedMedia\" itemscope itemtype=\"http:\/\/schema.org\/ImageObject\"> <a href=\"https:\/\/i0.wp.com\/cdnoticias.com\/wp-content\/uploads\/2020\/12\/vacunaci%C3%B3n-mario-diaz.jpg?ssl=1\" border=\"0\" itemprop=\"url\"> <meta itemprop=\"width\" content=\"399\"> <meta itemprop=\"height\" content=\"262\"> <img decoding=\"async\" class=\"\" data-attachment-id=\"10259\" data-orig-file=\"https:\/\/cdnoticias.com\/wp-content\/uploads\/2020\/12\/vacunaci\u00f3n-mario-diaz.jpg\" data-orig-size=\"4336,2848\" data-comments-opened=\"\" data-image-meta=\"{&quot;aperture&quot;:&quot;5&quot;,&quot;credit&quot;:&quot;&quot;,&quot;camera&quot;:&quot;NIKON D3100&quot;,&quot;caption&quot;:&quot;&quot;,&quot;created_timestamp&quot;:&quot;1609233603&quot;,&quot;copyright&quot;:&quot;&quot;,&quot;focal_length&quot;:&quot;40&quot;,&quot;iso&quot;:&quot;1600&quot;,&quot;shutter_speed&quot;:&quot;0.016666666666667&quot;,&quot;title&quot;:&quot;&quot;,&quot;orientation&quot;:&quot;1&quot;}\" data-image-title=\"vacunaci\u00f3n-mario-diaz\" data-image-description=\"\" data-medium-file=\"https:\/\/i0.wp.com\/cdnoticias.com\/wp-content\/uploads\/2020\/12\/vacunaci%C3%B3n-mario-diaz.jpg?fit=300%2C197&#038;ssl=1\" data-large-file=\"https:\/\/i0.wp.com\/cdnoticias.com\/wp-content\/uploads\/2020\/12\/vacunaci%C3%B3n-mario-diaz.jpg?fit=800%2C526&#038;ssl=1\" src=\"https:\/\/i0.wp.com\/cdnoticias.com\/wp-content\/uploads\/2020\/12\/vacunaci%C3%B3n-mario-diaz.jpg?w=399&#038;h=262&#038;ssl=1\" width=\"399\" height=\"262\" loading=\"lazy\" data-original-width=\"399\" data-original-height=\"262\" itemprop=\"http:\/\/schema.org\/image\" title=\"vacunaci\u00f3n-mario-diaz\" alt=\"vacunaci\u00f3n-mario-diaz\" style=\"width: 399px; height: 262px;\" \/> <\/a> <\/div> <\/div> <!-- close group --> <div class=\"gallery-group images-1\" style=\"width: 397px; height: 266px;\" data-original-width=\"397\" data-original-height=\"266\" > <div class=\"tiled-gallery-item tiled-gallery-item-large\" itemprop=\"associatedMedia\" itemscope itemtype=\"http:\/\/schema.org\/ImageObject\"> <a href=\"https:\/\/i0.wp.com\/cdnoticias.com\/wp-content\/uploads\/2020\/12\/vacunaci%C3%B3n-mario-diaz1.jpg?ssl=1\" border=\"0\" itemprop=\"url\"> <meta itemprop=\"width\" content=\"393\"> <meta itemprop=\"height\" content=\"262\"> <img decoding=\"async\" class=\"\" data-attachment-id=\"10260\" data-orig-file=\"https:\/\/cdnoticias.com\/wp-content\/uploads\/2020\/12\/vacunaci\u00f3n-mario-diaz1.jpg\" data-orig-size=\"4608,3072\" data-comments-opened=\"\" data-image-meta=\"{&quot;aperture&quot;:&quot;4.8&quot;,&quot;credit&quot;:&quot;&quot;,&quot;camera&quot;:&quot;NIKON D3100&quot;,&quot;caption&quot;:&quot;&quot;,&quot;created_timestamp&quot;:&quot;1609233608&quot;,&quot;copyright&quot;:&quot;&quot;,&quot;focal_length&quot;:&quot;38&quot;,&quot;iso&quot;:&quot;1800&quot;,&quot;shutter_speed&quot;:&quot;0.016666666666667&quot;,&quot;title&quot;:&quot;&quot;,&quot;orientation&quot;:&quot;1&quot;}\" data-image-title=\"vacunaci\u00f3n-mario-diaz1\" data-image-description=\"\" data-medium-file=\"https:\/\/i0.wp.com\/cdnoticias.com\/wp-content\/uploads\/2020\/12\/vacunaci%C3%B3n-mario-diaz1.jpg?fit=300%2C200&#038;ssl=1\" data-large-file=\"https:\/\/i0.wp.com\/cdnoticias.com\/wp-content\/uploads\/2020\/12\/vacunaci%C3%B3n-mario-diaz1.jpg?fit=800%2C534&#038;ssl=1\" src=\"https:\/\/i0.wp.com\/cdnoticias.com\/wp-content\/uploads\/2020\/12\/vacunaci%C3%B3n-mario-diaz1.jpg?w=393&#038;h=262&#038;ssl=1\" width=\"393\" height=\"262\" loading=\"lazy\" data-original-width=\"393\" data-original-height=\"262\" itemprop=\"http:\/\/schema.org\/image\" title=\"vacunaci\u00f3n-mario-diaz1\" alt=\"vacunaci\u00f3n-mario-diaz1\" style=\"width: 393px; height: 262px;\" \/> <\/a> <\/div> <\/div> <!-- close group --> <\/div> <!-- close row --> <\/div>\n<p>&nbsp;<\/p>\n<p>El auto seguir\u00e1 luciendo el 101 en los laterales, pero con cambio completo de dise\u00f1o y colores y s\u00f3lo restan detalles para el anuncio oficial y conocer al representante olavarriense en una nueva temporada en el TC Pista.<\/p>\n<p>&nbsp;<\/p>\n","protected":false},"excerpt":{"rendered":"<p>\u201cBebo\u201d Weimann confirm\u00f3 que el \u201cRusito\u201d Ojeda estar\u00e1 a cargo de la motorizaci\u00f3n del auto que continuar\u00e1 siendo atendido por<\/p>\n","protected":false},"author":96739694,"featured_media":146040,"comment_status":"closed","ping_status":"closed","sticky":false,"template":"","format":"standard","meta":{"_jetpack_memberships_contains_paid_content":false,"footnotes":""},"categories":[34,1,48],"tags":[],"class_list":["post-141014","post","type-post","status-publish","format-standard","has-post-thumbnail","hentry","category-automovilismo","category-portada","category-tc-pista"],"jetpack_featured_media_url":"https:\/\/i0.wp.com\/cdnoticias.com\/wp-content\/uploads\/2022\/01\/WhatsApp-Image-2022-01-05-at-13.48.05.jpeg?fit=800%2C445&ssl=1","jetpack_sharing_enabled":true,"_links":{"self":[{"href":"https:\/\/cdnoticias.com\/index.php\/wp-json\/wp\/v2\/posts\/141014","targetHints":{"allow":["GET"]}}],"collection":[{"href":"https:\/\/cdnoticias.com\/index.php\/wp-json\/wp\/v2\/posts"}],"about":[{"href":"https:\/\/cdnoticias.com\/index.php\/wp-json\/wp\/v2\/types\/post"}],"author":[{"embeddable":true,"href":"https:\/\/cdnoticias.com\/index.php\/wp-json\/wp\/v2\/users\/96739694"}],"replies":[{"embeddable":true,"href":"https:\/\/cdnoticias.com\/index.php\/wp-json\/wp\/v2\/comments?post=141014"}],"version-history":[{"count":0,"href":"https:\/\/cdnoticias.com\/index.php\/wp-json\/wp\/v2\/posts\/141014\/revisions"}],"wp:featuredmedia":[{"embeddable":true,"href":"https:\/\/cdnoticias.com\/index.php\/wp-json\/wp\/v2\/media\/146040"}],"wp:attachment":[{"href":"https:\/\/cdnoticias.com\/index.php\/wp-json\/wp\/v2\/media?parent=141014"}],"wp:term":[{"taxonomy":"category","embeddable":true,"href":"https:\/\/cdnoticias.com\/index.php\/wp-json\/wp\/v2\/categories?post=141014"},{"taxonomy":"post_tag","embeddable":true,"href":"https:\/\/cdnoticias.com\/index.php\/wp-json\/wp\/v2\/tags?post=141014"}],"curies":[{"name":"wp","href":"https:\/\/api.w.org\/{rel}","templated":true}]}}