{"id":141013,"date":"2022-01-05T10:53:46","date_gmt":"2022-01-05T13:53:46","guid":{"rendered":"http:\/\/centraldeportes.com.ar\/?p=10223"},"modified":"2025-02-02T02:07:29","modified_gmt":"2025-02-02T05:07:29","slug":"racing-tiene-una-nueva-ficha-confirmada-llego-mateo-castagno","status":"publish","type":"post","link":"https:\/\/cdnoticias.com\/index.php\/2022\/01\/05\/racing-tiene-una-nueva-ficha-confirmada-llego-mateo-castagno\/","title":{"rendered":"Racing tiene una nueva ficha confirmada: lleg\u00f3 Mateo Castagno"},"content":{"rendered":"<p>En las \u00faltimas horas y a pesar de lidiar con varios casos positivos de Covid19, Racing sigue trabajando en la conformaci\u00f3n del plantel y acord\u00f3 el arribo de Mateo Castagno.<!--more--><\/p>\n<hr \/>\n<p>El \u201cChaira\u201d tiene una nueva ficha ya que lleg\u00f3 a Olavarr\u00eda el pasado lunes Mateo Castagno, correntino de 21 a\u00f1os.<\/p>\n<p>&nbsp;<\/p>\n<p>El nuevo refuerzo es un ala-pivot de 196 cent\u00edmetros que registra paso por La Liga Desarrollo para San Mart\u00edn.<\/p>\n<p>&nbsp;<\/p>\n<p><img data-recalc-dims=\"1\" loading=\"lazy\" decoding=\"async\" class=\"aligncenter size-full wp-image-10225\" src=\"https:\/\/i0.wp.com\/centraldeportes.com.ar\/wp-content\/uploads\/2022\/01\/WhatsApp-Image-2022-01-05-at-10.09.34.jpeg?resize=800%2C533\" alt=\"\" width=\"800\" height=\"533\" \/><\/p>\n<p>&nbsp;<\/p>\n<p>Castagno se encuentra en la ciudad a la espera de poder comenzar la pretemporada con el resto del plantel y que no comenz\u00f3 el pasado lunes por un brote de coronavirus que afect\u00f3 a varios de los deportistas que lograron el ascenso al Torneo Federal.<\/p>\n","protected":false},"excerpt":{"rendered":"<p>En las \u00faltimas horas y a pesar de lidiar con varios casos positivos de Covid19, Racing sigue trabajando en la<\/p>\n","protected":false},"author":96739694,"featured_media":146044,"comment_status":"closed","ping_status":"closed","sticky":false,"template":"","format":"standard","meta":{"_jetpack_memberships_contains_paid_content":false,"footnotes":""},"categories":[31,1,57],"tags":[],"class_list":["post-141013","post","type-post","status-publish","format-standard","has-post-thumbnail","hentry","category-basquet","category-portada","category-torneo-federal"],"jetpack_featured_media_url":"https:\/\/i0.wp.com\/cdnoticias.com\/wp-content\/uploads\/2022\/01\/WhatsApp-Image-2022-01-05-at-10.52.23.jpeg?fit=800%2C445&ssl=1","jetpack_sharing_enabled":true,"_links":{"self":[{"href":"https:\/\/cdnoticias.com\/index.php\/wp-json\/wp\/v2\/posts\/141013","targetHints":{"allow":["GET"]}}],"collection":[{"href":"https:\/\/cdnoticias.com\/index.php\/wp-json\/wp\/v2\/posts"}],"about":[{"href":"https:\/\/cdnoticias.com\/index.php\/wp-json\/wp\/v2\/types\/post"}],"author":[{"embeddable":true,"href":"https:\/\/cdnoticias.com\/index.php\/wp-json\/wp\/v2\/users\/96739694"}],"replies":[{"embeddable":true,"href":"https:\/\/cdnoticias.com\/index.php\/wp-json\/wp\/v2\/comments?post=141013"}],"version-history":[{"count":0,"href":"https:\/\/cdnoticias.com\/index.php\/wp-json\/wp\/v2\/posts\/141013\/revisions"}],"wp:featuredmedia":[{"embeddable":true,"href":"https:\/\/cdnoticias.com\/index.php\/wp-json\/wp\/v2\/media\/146044"}],"wp:attachment":[{"href":"https:\/\/cdnoticias.com\/index.php\/wp-json\/wp\/v2\/media?parent=141013"}],"wp:term":[{"taxonomy":"category","embeddable":true,"href":"https:\/\/cdnoticias.com\/index.php\/wp-json\/wp\/v2\/categories?post=141013"},{"taxonomy":"post_tag","embeddable":true,"href":"https:\/\/cdnoticias.com\/index.php\/wp-json\/wp\/v2\/tags?post=141013"}],"curies":[{"name":"wp","href":"https:\/\/api.w.org\/{rel}","templated":true}]}}