{"id":141010,"date":"2022-01-04T18:57:23","date_gmt":"2022-01-04T21:57:23","guid":{"rendered":"http:\/\/centraldeportes.com.ar\/?p=10210"},"modified":"2025-02-02T02:01:16","modified_gmt":"2025-02-02T05:01:16","slug":"agustin-herrera-trabaja-para-volver-al-turismo-nacional","status":"publish","type":"post","link":"https:\/\/cdnoticias.com\/index.php\/2022\/01\/04\/agustin-herrera-trabaja-para-volver-al-turismo-nacional\/","title":{"rendered":"Agust\u00edn Herrera trabaja para volver al Turismo Nacional"},"content":{"rendered":"<p>El olavarriense se prepara para regresar a las pistas, y trabaja en la construcci\u00f3n de un Toyota Yaris, nuevo modelo de la marca que se incorporar\u00eda a la Clase 2 del TN. Podr\u00eda estar terminado para la tercera o cuarta fecha.<\/p>\n<p><!--more--><\/p>\n<hr \/>\n<p>El \u201cChapul\u00edn\u201d se vuelve a poner el traje y ya piensa en regresar a las pistas, en la categor\u00eda en la que m\u00e1s pudo lucir toda su capacidad conductiva. Esta vez trabaja en un proyecto para poner en pista un Toyota Yaris.<\/p>\n<p>&nbsp;<\/p>\n<blockquote><p>\u201cVa a ser el primer auto de la marca en la categor\u00eda, todo surgi\u00f3 porque Toyota me dio el casco y como el Etios no se va a fabricar m\u00e1s, es un nuevo modelo que fue autorizado y Toyota quiere ponerlo en el mercado\u201d, indic\u00f3 Herrera.<\/p><\/blockquote>\n<p>&nbsp;<\/p>\n<p><strong>\u201cVamos a ser los primeros en poner en pista un Yaris, la idea, si re\u00fano el presupuesto, es que lo pueda correr yo, en su defecto lo alquilar\u00e9\u201d<\/strong>, continu\u00f3 el \u201cPela\u201d.<\/p>\n<p>&nbsp;<\/p>\n<blockquote><p>\u201cLa construcci\u00f3n est\u00e1 a cargo de Gabriel Rodr\u00edguez, y estimamos que estar\u00e1 terminado para la tercera o cuarta fecha\u201d se\u00f1al\u00f3 el piloto olavarriense.<\/p><\/blockquote>\n<p>&nbsp;<\/p>\n<p>El Turismo Nacional iniciar\u00e1 su temporada en el Aut\u00f3dromo Ezequiel Crisol de Bah\u00eda Blanca, los d\u00edas 25, 26 y 27 de febrero. A\u00fan no fue confirmada la continuidad del calendario.<\/p>\n","protected":false},"excerpt":{"rendered":"<p>El olavarriense se prepara para regresar a las pistas, y trabaja en la construcci\u00f3n de un Toyota Yaris, nuevo modelo<\/p>\n","protected":false},"author":96739694,"featured_media":0,"comment_status":"closed","ping_status":"closed","sticky":false,"template":"","format":"standard","meta":{"_jetpack_memberships_contains_paid_content":false,"footnotes":""},"categories":[34,1,62],"tags":[],"class_list":["post-141010","post","type-post","status-publish","format-standard","hentry","category-automovilismo","category-portada","category-turismo-nacional"],"jetpack_featured_media_url":"","jetpack_sharing_enabled":true,"_links":{"self":[{"href":"https:\/\/cdnoticias.com\/index.php\/wp-json\/wp\/v2\/posts\/141010","targetHints":{"allow":["GET"]}}],"collection":[{"href":"https:\/\/cdnoticias.com\/index.php\/wp-json\/wp\/v2\/posts"}],"about":[{"href":"https:\/\/cdnoticias.com\/index.php\/wp-json\/wp\/v2\/types\/post"}],"author":[{"embeddable":true,"href":"https:\/\/cdnoticias.com\/index.php\/wp-json\/wp\/v2\/users\/96739694"}],"replies":[{"embeddable":true,"href":"https:\/\/cdnoticias.com\/index.php\/wp-json\/wp\/v2\/comments?post=141010"}],"version-history":[{"count":0,"href":"https:\/\/cdnoticias.com\/index.php\/wp-json\/wp\/v2\/posts\/141010\/revisions"}],"wp:attachment":[{"href":"https:\/\/cdnoticias.com\/index.php\/wp-json\/wp\/v2\/media?parent=141010"}],"wp:term":[{"taxonomy":"category","embeddable":true,"href":"https:\/\/cdnoticias.com\/index.php\/wp-json\/wp\/v2\/categories?post=141010"},{"taxonomy":"post_tag","embeddable":true,"href":"https:\/\/cdnoticias.com\/index.php\/wp-json\/wp\/v2\/tags?post=141010"}],"curies":[{"name":"wp","href":"https:\/\/api.w.org\/{rel}","templated":true}]}}