{"id":141008,"date":"2022-01-04T17:26:59","date_gmt":"2022-01-04T20:26:59","guid":{"rendered":"http:\/\/centraldeportes.com.ar\/?p=10202"},"modified":"2025-02-02T02:01:25","modified_gmt":"2025-02-02T05:01:25","slug":"iniciaron-las-clases-de-gimnasia-en-los-parques-olavarrienses","status":"publish","type":"post","link":"https:\/\/cdnoticias.com\/index.php\/2022\/01\/04\/iniciaron-las-clases-de-gimnasia-en-los-parques-olavarrienses\/","title":{"rendered":"Iniciaron las clases de gimnasia en los parques olavarrienses"},"content":{"rendered":"<p>Con una buena convocatoria de m\u00e1s de 50 personas, en el atardecer del lunes se inici\u00f3 la propuesta de \u201cGimnasia en los parques\u201d que promueve cada a\u00f1o la Subsecretar\u00eda de Deportes y Recreaci\u00f3n de la Municipalidad, de manera totalmente gratuita, con la finalidad de promover h\u00e1bitos saludables en la comunidad.<!--more--><\/p>\n<hr \/>\n<p>Dicha actividad -que se encuentra a cargo del staff de profesores de Deportes- se desarrolla, a las 19:30 horas, los d\u00edas lunes y mi\u00e9rcoles en Parque Avellaneda, y martes y jueves en Parque Eseverri.<\/p>\n<p>&nbsp;<\/p>\n<p><strong>Reacondicionamiento f\u00edsico<\/strong><\/p>\n<p>Tambi\u00e9n en Parque Eva Per\u00f3n (Jun\u00edn y Hornos) y en Parque Mitre (Av. Brown y V\u00e9lez Sarsfield) se realiza reacondicionamiento f\u00edsico, por la ma\u00f1ana, de 08:30 a 09:30 horas, los d\u00edas lunes y mi\u00e9rcoles.<\/p>\n<p>&nbsp;<\/p>\n<p>Esta propuesta comenzar\u00e1 este mi\u00e9rcoles 5 de enero, para mayores de 55 a\u00f1os de edad. No requiera inscripci\u00f3n previa, por lo cual los interesados\/as en participar deben concurrir a los espacios verdes antes mencionados.<\/p>\n","protected":false},"excerpt":{"rendered":"<p>Con una buena convocatoria de m\u00e1s de 50 personas, en el atardecer del lunes se inici\u00f3 la propuesta de \u201cGimnasia<\/p>\n","protected":false},"author":96739694,"featured_media":145958,"comment_status":"closed","ping_status":"closed","sticky":false,"template":"","format":"standard","meta":{"_jetpack_memberships_contains_paid_content":false,"footnotes":""},"categories":[30,1],"tags":[],"class_list":["post-141008","post","type-post","status-publish","format-standard","has-post-thumbnail","hentry","category-polideportivo","category-portada"],"jetpack_featured_media_url":"https:\/\/i0.wp.com\/cdnoticias.com\/wp-content\/uploads\/2022\/01\/Deportes-Gimnasia-en-los-Parques-2.jpg?fit=1772%2C1181&ssl=1","jetpack_sharing_enabled":true,"_links":{"self":[{"href":"https:\/\/cdnoticias.com\/index.php\/wp-json\/wp\/v2\/posts\/141008","targetHints":{"allow":["GET"]}}],"collection":[{"href":"https:\/\/cdnoticias.com\/index.php\/wp-json\/wp\/v2\/posts"}],"about":[{"href":"https:\/\/cdnoticias.com\/index.php\/wp-json\/wp\/v2\/types\/post"}],"author":[{"embeddable":true,"href":"https:\/\/cdnoticias.com\/index.php\/wp-json\/wp\/v2\/users\/96739694"}],"replies":[{"embeddable":true,"href":"https:\/\/cdnoticias.com\/index.php\/wp-json\/wp\/v2\/comments?post=141008"}],"version-history":[{"count":0,"href":"https:\/\/cdnoticias.com\/index.php\/wp-json\/wp\/v2\/posts\/141008\/revisions"}],"wp:featuredmedia":[{"embeddable":true,"href":"https:\/\/cdnoticias.com\/index.php\/wp-json\/wp\/v2\/media\/145958"}],"wp:attachment":[{"href":"https:\/\/cdnoticias.com\/index.php\/wp-json\/wp\/v2\/media?parent=141008"}],"wp:term":[{"taxonomy":"category","embeddable":true,"href":"https:\/\/cdnoticias.com\/index.php\/wp-json\/wp\/v2\/categories?post=141008"},{"taxonomy":"post_tag","embeddable":true,"href":"https:\/\/cdnoticias.com\/index.php\/wp-json\/wp\/v2\/tags?post=141008"}],"curies":[{"name":"wp","href":"https:\/\/api.w.org\/{rel}","templated":true}]}}