{"id":140950,"date":"2023-03-30T16:56:55","date_gmt":"2023-03-30T19:56:55","guid":{"rendered":"http:\/\/centraldeportes.com.ar\/?p=32938"},"modified":"2025-02-11T13:39:44","modified_gmt":"2025-02-11T16:39:44","slug":"luz-kremer-entre-las-13-mejores-patinadoras-del-pais","status":"publish","type":"post","link":"https:\/\/cdnoticias.com\/index.php\/2023\/03\/30\/luz-kremer-entre-las-13-mejores-patinadoras-del-pais\/","title":{"rendered":"Luz Kremer entre las 13 mejores patinadoras del pa\u00eds"},"content":{"rendered":"<p>El pasado viernes, Luz se present\u00f3 en la Copa Argentina Apertura que se realiz\u00f3 en el club El Provincial de la ciudad de Rosario y logr\u00f3 ubicarse en las primeras posiciones.<\/p>\n<p><!--more--><\/p>\n<hr \/>\n<p>Representando a la Federaci\u00f3n de Pat\u00edn de la Provincia de Buenos Aires y acompa\u00f1ada por la t\u00e9cnica Marcela Romera, la patinadora boquense se ubic\u00f3 en la 13\u00b0 colocaci\u00f3n.<\/p>\n<p>&nbsp;<\/p>\n<p>Luego de las pruebas de pista en la categor\u00eda World Skate Senior en la disciplina figuras obligatorias, Luz Kremer finaliz\u00f3 en las primeras posiciones de la tabla general en la categor\u00eda de m\u00e1ximo nivel donde tambi\u00e9n se ubican patinadoras que representan al pa\u00eds en torneos internacionales como sudamericanos y copas mundiales.<\/p>\n","protected":false},"excerpt":{"rendered":"<p>El pasado viernes, Luz se present\u00f3 en la Copa Argentina Apertura que se realiz\u00f3 en el club El Provincial de<\/p>\n","protected":false},"author":96739694,"featured_media":154258,"comment_status":"closed","ping_status":"closed","sticky":false,"template":"","format":"standard","meta":{"_jetpack_memberships_contains_paid_content":false,"footnotes":""},"categories":[30,1],"tags":[],"class_list":["post-140950","post","type-post","status-publish","format-standard","has-post-thumbnail","hentry","category-polideportivo","category-portada"],"jetpack_featured_media_url":"https:\/\/i0.wp.com\/cdnoticias.com\/wp-content\/uploads\/2023\/03\/WhatsApp-Image-2023-03-30-at-16.44.16-e1680206201532.jpeg?fit=1200%2C668&ssl=1","jetpack_sharing_enabled":true,"_links":{"self":[{"href":"https:\/\/cdnoticias.com\/index.php\/wp-json\/wp\/v2\/posts\/140950","targetHints":{"allow":["GET"]}}],"collection":[{"href":"https:\/\/cdnoticias.com\/index.php\/wp-json\/wp\/v2\/posts"}],"about":[{"href":"https:\/\/cdnoticias.com\/index.php\/wp-json\/wp\/v2\/types\/post"}],"author":[{"embeddable":true,"href":"https:\/\/cdnoticias.com\/index.php\/wp-json\/wp\/v2\/users\/96739694"}],"replies":[{"embeddable":true,"href":"https:\/\/cdnoticias.com\/index.php\/wp-json\/wp\/v2\/comments?post=140950"}],"version-history":[{"count":0,"href":"https:\/\/cdnoticias.com\/index.php\/wp-json\/wp\/v2\/posts\/140950\/revisions"}],"wp:featuredmedia":[{"embeddable":true,"href":"https:\/\/cdnoticias.com\/index.php\/wp-json\/wp\/v2\/media\/154258"}],"wp:attachment":[{"href":"https:\/\/cdnoticias.com\/index.php\/wp-json\/wp\/v2\/media?parent=140950"}],"wp:term":[{"taxonomy":"category","embeddable":true,"href":"https:\/\/cdnoticias.com\/index.php\/wp-json\/wp\/v2\/categories?post=140950"},{"taxonomy":"post_tag","embeddable":true,"href":"https:\/\/cdnoticias.com\/index.php\/wp-json\/wp\/v2\/tags?post=140950"}],"curies":[{"name":"wp","href":"https:\/\/api.w.org\/{rel}","templated":true}]}}