{"id":140940,"date":"2023-03-29T01:14:58","date_gmt":"2023-03-29T04:14:58","guid":{"rendered":"http:\/\/centraldeportes.com.ar\/?p=32868"},"modified":"2025-02-11T13:40:01","modified_gmt":"2025-02-11T16:40:01","slug":"termino-la-espera-se-pone-en-marcha-el-torneo-apertura-de-la-abo","status":"publish","type":"post","link":"https:\/\/cdnoticias.com\/index.php\/2023\/03\/29\/termino-la-espera-se-pone-en-marcha-el-torneo-apertura-de-la-abo\/","title":{"rendered":"Termin\u00f3 la espera: se pone en marcha el Torneo Apertura de la ABO"},"content":{"rendered":"<p>En la noche de este mi\u00e9rcoles, dar\u00e1 inicio el primer torneo oficial del a\u00f1o organizado por la Asociaci\u00f3n de B\u00e1squetbol de Olavarr\u00eda que contar\u00e1 con la participaci\u00f3n de 10 equipos.<!--more--><\/p>\n<hr \/>\n<p>Semanas despu\u00e9s de la consagraci\u00f3n \u201cChaira\u201d en el Torneo de Verano,<strong> este mi\u00e9rcoles por la noche se pondr\u00e1 en marcha la 1\u00b0 fecha del Torneo Apertura de Primera Divisi\u00f3n de la ABO<\/strong> con acci\u00f3n en diferentes escenarios de la zona. <strong>El certamen contar\u00e1 con la presencia de diez equipos<\/strong>, siete de Olavarr\u00eda y los restantes de Tandil, Azul y La Madrid.<\/p>\n<p>&nbsp;<\/p>\n<p>Por un lado, en el Polideportivo Duggan Martignoni, <strong>Independiente recibir\u00e1 a San Mart\u00edn de Sierras Bayas para el debut (21:30)<\/strong>, mientras que el campe\u00f3n defensor, <strong>Racing de Olavarr\u00eda, ser\u00e1 anfitri\u00f3n de Chacarita<\/strong> en el duelo que comenzar\u00e1 tambi\u00e9n a las 21:30 en el Parque Olavarr\u00eda.<\/p>\n<p>&nbsp;<\/p>\n<p>Un rato antes, desde las 21:00, <strong>Estudiantes enfrentar\u00e1 a Loma Negra en el Maxigimnasio \u201cAlbinegro\u201d<\/strong> y <strong>Pueblo Nuevo har\u00e1 lo propio contra El Fort\u00edn<\/strong>, a la misma hora, pero en el parquet del gimnasio Juan Manolio.<\/p>\n<p>&nbsp;<\/p>\n<p>Por \u00faltimo, el viernes pr\u00f3ximo <strong>Racing de La Madrid cerrar\u00e1 la fecha frente a Ferro Carril Sud<\/strong> en el horario de las 21:30 horas.<\/p>\n<p>&nbsp;<\/p>\n<h6><strong>Fixture completo:<\/strong><\/h6>\n<p>&nbsp;<\/p>\n<h6><strong>1\u00b0 fecha \u2013 29\/03:<\/strong><\/h6>\n<p>Racing (Olavarr\u00eda) \u2013 Chacarita (Azul)<\/p>\n<p>Pueblo Nuevo \u2013 El Fort\u00edn<\/p>\n<p>Racing (La Madrid) \u2013 Ferro Carril Sud<\/p>\n<p>Independiente (Tandil) \u2013 San Mart\u00edn<\/p>\n<p>Estudiantes \u2013 Loma Negra<\/p>\n<p>&nbsp;<\/p>\n<h6><strong>2\u00b0 fecha \u2013 05\/04:<\/strong><\/h6>\n<p>Pueblo Nuevo \u2013 Racing (O)<\/p>\n<p>Ferro Carril Sud \u2013 Chacarita<\/p>\n<p>El Fort\u00edn \u2013 Independiente<\/p>\n<p>Loma Negra \u2013 Racing (L)<\/p>\n<p>San Mart\u00edn \u2013 Estudiantes<\/p>\n<p>&nbsp;<\/p>\n<h6><strong>3\u00b0 fecha \u2013 12\/04:<\/strong><\/h6>\n<p>Racing (O) \u2013 Ferro Carril Sud<\/p>\n<p>Independiente \u2013 Pueblo Nuevo<\/p>\n<p>Chacarita \u2013 Loma Negra<\/p>\n<p>Estudiantes \u2013 El Fort\u00edn<\/p>\n<p>Racing (L) \u2013 San Mart\u00edn<\/p>\n<p>&nbsp;<\/p>\n<h6><strong>4\u00b0 fecha \u2013 19\/04:<\/strong><\/h6>\n<p>Independiente \u2013 Racing (O)<\/p>\n<p>Loma Negra \u2013 Ferro Carril Sud<\/p>\n<p>Pueblo Nuevo \u2013 Estudiantes<\/p>\n<p>San Mart\u00edn \u2013 Chacarita<\/p>\n<p>El Fort\u00edn \u2013 Racing (L)<\/p>\n<p>&nbsp;<\/p>\n<h6><strong>5\u00b0 fecha \u2013 26\/04:<\/strong><\/h6>\n<p>Racing (O) \u2013 Loma Negra<\/p>\n<p>Estudiantes \u2013 Independiente<\/p>\n<p>Ferro Carril Sud \u2013 San Mart\u00edn<\/p>\n<p>Racing (L) \u2013 Pueblo Nuevo<\/p>\n<p>Chacarita \u2013 El Fort\u00edn<\/p>\n<p>&nbsp;<\/p>\n<h6><strong>6\u00b0 fecha \u2013 03\/05:<\/strong><\/h6>\n<p>Estudiantes \u2013 Racing (O)<\/p>\n<p>San Mart\u00edn \u2013 Loma Negra<\/p>\n<p>Independiente \u2013 Racing (L)<\/p>\n<p>El Fort\u00edn \u2013 Ferro Carril Sud<\/p>\n<p>Pueblo Nuevo \u2013 Chacarita<\/p>\n<p>&nbsp;<\/p>\n<h6><strong>7\u00b0 fecha \u2013 10\/05:<\/strong><\/h6>\n<p>Racing (O) \u2013 San Mart\u00edn<\/p>\n<p>Racing (L) \u2013 Estudiantes<\/p>\n<p>Loma Negra \u2013 El Fort\u00edn<\/p>\n<p>Chacarita \u2013 Independiente<\/p>\n<p>Ferro Carril Sud \u2013 Pueblo Nuevo<\/p>\n<p>&nbsp;<\/p>\n<h6><strong>8\u00b0 fecha \u2013 17\/05:<\/strong><\/h6>\n<p>Racing (L) \u2013 Racing (O)<\/p>\n<p>El Fort\u00edn \u2013 San Mart\u00edn<\/p>\n<p>Estudiantes \u2013 Chacarita<\/p>\n<p>Pueblo Nuevo \u2013 Loma Negra<\/p>\n<p>Independiente \u2013 Ferro Carril Sud<\/p>\n<p>&nbsp;<\/p>\n<h6><strong>9\u00b0 fecha \u2013 24\/05:<\/strong><\/h6>\n<p>Racing (O) \u2013 El Fort\u00edn<\/p>\n<p>Chacarita \u2013 Racing (L)<\/p>\n<p>San Mart\u00edn \u2013 Pueblo Nuevo<\/p>\n<p>Ferro Carril Sud \u2013 Estudiantes<\/p>\n<p>Loma Negra \u2013 Independiente<\/p>\n","protected":false},"excerpt":{"rendered":"<p>En la noche de este mi\u00e9rcoles, dar\u00e1 inicio el primer torneo oficial del a\u00f1o organizado por la Asociaci\u00f3n de B\u00e1squetbol<\/p>\n","protected":false},"author":96739694,"featured_media":154281,"comment_status":"closed","ping_status":"closed","sticky":false,"template":"","format":"standard","meta":{"_jetpack_memberships_contains_paid_content":false,"footnotes":""},"categories":[31,1,43],"tags":[],"class_list":["post-140940","post","type-post","status-publish","format-standard","has-post-thumbnail","hentry","category-basquet","category-portada","category-primera"],"jetpack_featured_media_url":"https:\/\/i0.wp.com\/cdnoticias.com\/wp-content\/uploads\/2023\/02\/ferro-ln-verano-5.jpeg?fit=1280%2C853&ssl=1","jetpack_sharing_enabled":true,"_links":{"self":[{"href":"https:\/\/cdnoticias.com\/index.php\/wp-json\/wp\/v2\/posts\/140940","targetHints":{"allow":["GET"]}}],"collection":[{"href":"https:\/\/cdnoticias.com\/index.php\/wp-json\/wp\/v2\/posts"}],"about":[{"href":"https:\/\/cdnoticias.com\/index.php\/wp-json\/wp\/v2\/types\/post"}],"author":[{"embeddable":true,"href":"https:\/\/cdnoticias.com\/index.php\/wp-json\/wp\/v2\/users\/96739694"}],"replies":[{"embeddable":true,"href":"https:\/\/cdnoticias.com\/index.php\/wp-json\/wp\/v2\/comments?post=140940"}],"version-history":[{"count":0,"href":"https:\/\/cdnoticias.com\/index.php\/wp-json\/wp\/v2\/posts\/140940\/revisions"}],"wp:featuredmedia":[{"embeddable":true,"href":"https:\/\/cdnoticias.com\/index.php\/wp-json\/wp\/v2\/media\/154281"}],"wp:attachment":[{"href":"https:\/\/cdnoticias.com\/index.php\/wp-json\/wp\/v2\/media?parent=140940"}],"wp:term":[{"taxonomy":"category","embeddable":true,"href":"https:\/\/cdnoticias.com\/index.php\/wp-json\/wp\/v2\/categories?post=140940"},{"taxonomy":"post_tag","embeddable":true,"href":"https:\/\/cdnoticias.com\/index.php\/wp-json\/wp\/v2\/tags?post=140940"}],"curies":[{"name":"wp","href":"https:\/\/api.w.org\/{rel}","templated":true}]}}