{"id":14094,"date":"2021-02-18T17:00:24","date_gmt":"2021-02-18T20:00:24","guid":{"rendered":"http:\/\/www.centraldenoticias.com.ar\/?p=14094"},"modified":"2021-02-18T17:05:26","modified_gmt":"2021-02-18T20:05:26","slug":"sigue-la-tendencia-a-la-baja-fueron-detectados-15-nuevos-casos-de-covid19","status":"publish","type":"post","link":"https:\/\/cdnoticias.com\/index.php\/2021\/02\/18\/sigue-la-tendencia-a-la-baja-fueron-detectados-15-nuevos-casos-de-covid19\/","title":{"rendered":"Sigue la tendencia a la baja: Fueron detectados 15 nuevos casos de Covid19"},"content":{"rendered":"<p>El dato se desprende del informe emitido desde el municipio, en el cual se detall\u00f3 que 16 pacientes fueron dados de alta, por lo que son 144 las personas que actualmente transitan la enfermedad.<!--more--><\/p>\n<hr \/>\n<p>En las \u00faltimas horas <strong>fueron detectados 15 nuevos casos de coronavirus en el partido de Olavarr\u00eda<\/strong>, tal cual fue expuesto en el informe diario emitido desde el \u00e1rea de Salud del municipio.<\/p>\n<p>&nbsp;<\/p>\n<p><img data-recalc-dims=\"1\" loading=\"lazy\" decoding=\"async\" class=\"alignnone size-large wp-image-14096\" src=\"https:\/\/i0.wp.com\/cdnoticias.com\/wp-content\/uploads\/2021\/02\/parte-11.jpg?resize=800%2C386&#038;ssl=1\" alt=\"\" width=\"800\" height=\"386\" srcset=\"https:\/\/i0.wp.com\/cdnoticias.com\/wp-content\/uploads\/2021\/02\/parte-11.jpg?resize=1024%2C494&amp;ssl=1 1024w, https:\/\/i0.wp.com\/cdnoticias.com\/wp-content\/uploads\/2021\/02\/parte-11.jpg?resize=300%2C145&amp;ssl=1 300w, https:\/\/i0.wp.com\/cdnoticias.com\/wp-content\/uploads\/2021\/02\/parte-11.jpg?resize=768%2C370&amp;ssl=1 768w, https:\/\/i0.wp.com\/cdnoticias.com\/wp-content\/uploads\/2021\/02\/parte-11.jpg?w=1182&amp;ssl=1 1182w\" sizes=\"auto, (max-width: 800px) 100vw, 800px\" \/><\/p>\n<p>&nbsp;<\/p>\n<p>En ese detalle se pudo ver que fueron <strong>16 los pacientes considerados de alta<\/strong>, mientras que 64 hisopados resultaron negativos, por lo que s<strong>on 144 las personas que actualmente son positivas de Covid19.<\/strong><\/p>\n<p>&nbsp;<\/p>\n<p><img data-recalc-dims=\"1\" loading=\"lazy\" decoding=\"async\" class=\"alignnone size-large wp-image-14095\" src=\"https:\/\/i0.wp.com\/cdnoticias.com\/wp-content\/uploads\/2021\/02\/parte02-7.jpg?resize=800%2C398&#038;ssl=1\" alt=\"\" width=\"800\" height=\"398\" srcset=\"https:\/\/i0.wp.com\/cdnoticias.com\/wp-content\/uploads\/2021\/02\/parte02-7.jpg?resize=1024%2C510&amp;ssl=1 1024w, https:\/\/i0.wp.com\/cdnoticias.com\/wp-content\/uploads\/2021\/02\/parte02-7.jpg?resize=300%2C150&amp;ssl=1 300w, https:\/\/i0.wp.com\/cdnoticias.com\/wp-content\/uploads\/2021\/02\/parte02-7.jpg?resize=768%2C383&amp;ssl=1 768w, https:\/\/i0.wp.com\/cdnoticias.com\/wp-content\/uploads\/2021\/02\/parte02-7.jpg?w=1208&amp;ssl=1 1208w\" sizes=\"auto, (max-width: 800px) 100vw, 800px\" \/><\/p>\n<p>&nbsp;<\/p>\n<p>Por otra parte, se expres\u00f3 que <strong>ninguno de los casos detectados corresponden al RTA que se llev\u00f3 a cabo en el centro de hisopados<\/strong>.<\/p>\n<p>&nbsp;<\/p>\n<blockquote><p>El 87% de los pacientes tiene menos de 60 a\u00f1os.<\/p><\/blockquote>\n<p>&nbsp;<\/p>\n<p>Por \u00faltimo, se expres\u00f3 que a<strong>ctualmente 8 personas se encuentran internadas en terapia intensiva (Unidad que presenta un 70% de ocupaci\u00f3n de camas)<\/strong> y 5 en Cl\u00ednica Covid del Hospital Municipal \u201cDr. H\u00e9ctor Cura\u201d.<\/p>\n","protected":false},"excerpt":{"rendered":"<p>El dato se desprende del informe emitido desde el municipio, en el cual se detall\u00f3 que 16 pacientes fueron dados<\/p>\n","protected":false},"author":3,"featured_media":1503,"comment_status":"closed","ping_status":"closed","sticky":false,"template":"","format":"standard","meta":{"_jetpack_memberships_contains_paid_content":false,"footnotes":""},"categories":[5,1],"tags":[],"class_list":["post-14094","post","type-post","status-publish","format-standard","has-post-thumbnail","hentry","category-informacion-general","category-portada"],"jetpack_featured_media_url":"https:\/\/i0.wp.com\/cdnoticias.com\/wp-content\/uploads\/2020\/09\/Salud-Guardia-Hospital-1.jpg?fit=987%2C740&ssl=1","jetpack_sharing_enabled":true,"_links":{"self":[{"href":"https:\/\/cdnoticias.com\/index.php\/wp-json\/wp\/v2\/posts\/14094","targetHints":{"allow":["GET"]}}],"collection":[{"href":"https:\/\/cdnoticias.com\/index.php\/wp-json\/wp\/v2\/posts"}],"about":[{"href":"https:\/\/cdnoticias.com\/index.php\/wp-json\/wp\/v2\/types\/post"}],"author":[{"embeddable":true,"href":"https:\/\/cdnoticias.com\/index.php\/wp-json\/wp\/v2\/users\/3"}],"replies":[{"embeddable":true,"href":"https:\/\/cdnoticias.com\/index.php\/wp-json\/wp\/v2\/comments?post=14094"}],"version-history":[{"count":0,"href":"https:\/\/cdnoticias.com\/index.php\/wp-json\/wp\/v2\/posts\/14094\/revisions"}],"wp:featuredmedia":[{"embeddable":true,"href":"https:\/\/cdnoticias.com\/index.php\/wp-json\/wp\/v2\/media\/1503"}],"wp:attachment":[{"href":"https:\/\/cdnoticias.com\/index.php\/wp-json\/wp\/v2\/media?parent=14094"}],"wp:term":[{"taxonomy":"category","embeddable":true,"href":"https:\/\/cdnoticias.com\/index.php\/wp-json\/wp\/v2\/categories?post=14094"},{"taxonomy":"post_tag","embeddable":true,"href":"https:\/\/cdnoticias.com\/index.php\/wp-json\/wp\/v2\/tags?post=14094"}],"curies":[{"name":"wp","href":"https:\/\/api.w.org\/{rel}","templated":true}]}}