{"id":140939,"date":"2023-03-29T00:14:35","date_gmt":"2023-03-29T03:14:35","guid":{"rendered":"http:\/\/centraldeportes.com.ar\/?p=32860"},"modified":"2025-02-11T13:40:04","modified_gmt":"2025-02-11T16:40:04","slug":"convocante-participacion-local-en-las-inferiores-de-afa","status":"publish","type":"post","link":"https:\/\/cdnoticias.com\/index.php\/2023\/03\/29\/convocante-participacion-local-en-las-inferiores-de-afa\/","title":{"rendered":"Convocante participaci\u00f3n local en las Inferiores de AFA"},"content":{"rendered":"<p>De la m\u00faltiple presencia olavarriense en el futbol argentino, las categor\u00edas juveniles de AFA no fueron la excepci\u00f3n y este pasado fin de semana varios futbolistas de la ciudad vieron acci\u00f3n en el marco de la 2\u00b0 fecha.<!--more--><\/p>\n<hr \/>\n<p>Si bien la Divisi\u00f3n Reserva no tuvo actividad durante este fin de semana pasado,<strong> los m\u00e1s chicos del f\u00fatbol de AFA<\/strong> s\u00ed lo hicieron y cumplieron con todos los compromisos de la<strong> 2\u00b0 fecha del campeonato<\/strong>.<\/p>\n<p>&nbsp;<\/p>\n<p>Por un lado, en <strong>Cuarta<\/strong>, <strong>Boca volvi\u00f3 a tener a Mateo Mend\u00eda desde el arranque, derrot\u00f3 3 a 0 a Central C\u00f3rdoba<\/strong> y sum\u00f3 su segunda victoria al hilo. A su vez, en la misma divisi\u00f3n, <strong>Lucio Falasco fue titular en el empate 1 a 1 de Aldosivi frente a Temperley<\/strong> y <strong>Racing, con Mateo G\u00f3mez Navarro, perdi\u00f3 2 a 0 contra Newell\u2019s<\/strong>.<\/p>\n<p>&nbsp;<\/p>\n<figure id=\"attachment_32861\" aria-describedby=\"caption-attachment-32861\" style=\"width: 767px\" class=\"wp-caption aligncenter\"><img data-recalc-dims=\"1\" loading=\"lazy\" decoding=\"async\" class=\"wp-image-32861\" src=\"https:\/\/i0.wp.com\/centraldeportes.com.ar\/wp-content\/uploads\/2023\/03\/Valent%C3%ADn-Manolio-Sarmiento-de-Jun%C3%ADn-5ta.jpg?resize=767%2C552\" alt=\"\" width=\"767\" height=\"552\" \/><figcaption id=\"caption-attachment-32861\" class=\"wp-caption-text\">Uriel Ruiz &#8211; 2\u00b0 de arriba al lado del arquero &#8211;<\/figcaption><\/figure>\n<p>&nbsp;<\/p>\n<p>Un escal\u00f3n m\u00e1s abajo, en<strong> Quinta Divisi\u00f3n<\/strong>, <strong>Valent\u00edn Manolio con la camiseta de Sarmiento empat\u00f3 en 1 con Defensa y Justicia<\/strong>, mientras que <strong>Mart\u00edn Ferreyra, en el \u201cTibur\u00f3n\u201d marplatense, form\u00f3 parte del triunfo 2 a 1 ante el \u201cGasolero\u201d<\/strong>.<\/p>\n<p>&nbsp;<\/p>\n<p>Bajo la misma din\u00e1mica, <strong>Uriel Ruiz, representando al \u201cVerde\u201d de Jun\u00edn, fue testigo de la derrota 3 a 1 de su equipo a manos del \u201cHalc\u00f3n\u201d en Sexta<\/strong>, en tanto que en <strong>S\u00e9ptima<\/strong>, <strong>Aldosivi no pudo con Temperley y cay\u00f3 por 2 a 1 con la presencia de Mateo Vales<\/strong>, quien ingres\u00f3 a los 19 minutos del segundo tiempo.<\/p>\n<p>&nbsp;<\/p>\n<p><em><strong>Fotos: Club Sarmiento Oficial.<\/strong><\/em><\/p>\n","protected":false},"excerpt":{"rendered":"<p>De la m\u00faltiple presencia olavarriense en el futbol argentino, las categor\u00edas juveniles de AFA no fueron la excepci\u00f3n y este<\/p>\n","protected":false},"author":96739694,"featured_media":154285,"comment_status":"closed","ping_status":"closed","sticky":false,"template":"","format":"standard","meta":{"_jetpack_memberships_contains_paid_content":false,"footnotes":""},"categories":[35,40,1],"tags":[],"class_list":["post-140939","post","type-post","status-publish","format-standard","has-post-thumbnail","hentry","category-futbol","category-inferiores","category-portada"],"jetpack_featured_media_url":"https:\/\/i0.wp.com\/cdnoticias.com\/wp-content\/uploads\/2023\/03\/Uriel-Ruiz-Sarmiento-de-Jun%C3%B3n-6ta-1-e1680059297726.jpg?fit=1894%2C1280&ssl=1","jetpack_sharing_enabled":true,"_links":{"self":[{"href":"https:\/\/cdnoticias.com\/index.php\/wp-json\/wp\/v2\/posts\/140939","targetHints":{"allow":["GET"]}}],"collection":[{"href":"https:\/\/cdnoticias.com\/index.php\/wp-json\/wp\/v2\/posts"}],"about":[{"href":"https:\/\/cdnoticias.com\/index.php\/wp-json\/wp\/v2\/types\/post"}],"author":[{"embeddable":true,"href":"https:\/\/cdnoticias.com\/index.php\/wp-json\/wp\/v2\/users\/96739694"}],"replies":[{"embeddable":true,"href":"https:\/\/cdnoticias.com\/index.php\/wp-json\/wp\/v2\/comments?post=140939"}],"version-history":[{"count":0,"href":"https:\/\/cdnoticias.com\/index.php\/wp-json\/wp\/v2\/posts\/140939\/revisions"}],"wp:featuredmedia":[{"embeddable":true,"href":"https:\/\/cdnoticias.com\/index.php\/wp-json\/wp\/v2\/media\/154285"}],"wp:attachment":[{"href":"https:\/\/cdnoticias.com\/index.php\/wp-json\/wp\/v2\/media?parent=140939"}],"wp:term":[{"taxonomy":"category","embeddable":true,"href":"https:\/\/cdnoticias.com\/index.php\/wp-json\/wp\/v2\/categories?post=140939"},{"taxonomy":"post_tag","embeddable":true,"href":"https:\/\/cdnoticias.com\/index.php\/wp-json\/wp\/v2\/tags?post=140939"}],"curies":[{"name":"wp","href":"https:\/\/api.w.org\/{rel}","templated":true}]}}