{"id":140933,"date":"2023-03-28T01:59:03","date_gmt":"2023-03-28T04:59:03","guid":{"rendered":"http:\/\/centraldeportes.com.ar\/?p=32826"},"modified":"2025-02-11T13:40:18","modified_gmt":"2025-02-11T16:40:18","slug":"jonathan-navarro-represento-a-argentina-y-culmino-entre-los-primeros-diez","status":"publish","type":"post","link":"https:\/\/cdnoticias.com\/index.php\/2023\/03\/28\/jonathan-navarro-represento-a-argentina-y-culmino-entre-los-primeros-diez\/","title":{"rendered":"Jonathan Navarro represent\u00f3 a Argentina y culmin\u00f3 entre los primeros diez"},"content":{"rendered":"<p>Tras varias semanas de preparaci\u00f3n, el atleta olavarriense visti\u00f3 la celeste y blanca y pudo concretar uno de sus sue\u00f1os. El pasado domingo compiti\u00f3 en la primera edici\u00f3n de la Copa Sudamericana en Mar del Plata y termin\u00f3 en la s\u00e9ptima posici\u00f3n.<!--more--><\/p>\n<hr \/>\n<p>La espera termin\u00f3 para <strong>Jonathan Navarro<\/strong> y finalmente este domingo compiti\u00f3 en la primera edici\u00f3n de la <strong>Copa IAU Sudamericana de Ultramarat\u00f3n<\/strong> desarrollada en \u201cLa Feliz\u201d.<\/p>\n<p>&nbsp;<\/p>\n<p>Dicha competencia se llev\u00f3 a cabo en el <strong>estadio atl\u00e9tico Justo Ernesto Rom\u00e1n<\/strong> y varios participantes de Argentina, Uruguay, Paraguay, M\u00e9xico y Brasil fueron parte de las<strong> dos categor\u00edas programadas: 50 kil\u00f3metros y 12 horas<\/strong>.<\/p>\n<p>&nbsp;<\/p>\n<p><strong>El atleta olavarriense larg\u00f3 desde las 7 de la ma\u00f1ana en la exigente modalidad 12 horas<\/strong>, que cont\u00f3 con la particularidad del cambio de sentido cada 3 horas. Al cabo del tiempo requerido, tiempo m\u00e1s tarde, la competencia culmin\u00f3 y <strong>Jonathan Navarro termin\u00f3 en el s\u00e9ptimo lugar con un recorrido de 127, 55 kil\u00f3metros<\/strong>.<\/p>\n<p>&nbsp;<\/p>\n<p><img data-recalc-dims=\"1\" loading=\"lazy\" decoding=\"async\" class=\"aligncenter size-full wp-image-32827\" src=\"https:\/\/i0.wp.com\/centraldeportes.com.ar\/wp-content\/uploads\/2023\/03\/Jonathan-Navarro-Copa-Sudamericana-IAU-1-e1679979523966.jpeg?resize=800%2C450\" alt=\"\" width=\"800\" height=\"450\" \/><\/p>\n<p>&nbsp;<\/p>\n<p><strong>El ganador<\/strong> de la modalidad en la rama masculina<strong> fue el uruguayo Fernando Mart\u00ednez<\/strong>, <strong>con una distancia de 155,71 kil\u00f3metros<\/strong> recorridos mientras que <strong>en Damas, Andrea Pereira<\/strong> de Uruguay se adjudic\u00f3 el primer puesto<strong> luego de transitar 129,28 kil\u00f3metros<\/strong>.<\/p>\n<p>&nbsp;<\/p>\n<p>Por otro lado,<strong> Ulises Sanguinetti se consagr\u00f3 como nuevo campe\u00f3n nacional de 50 kil\u00f3metros en pista<\/strong> y fue con r\u00e9cord incluido: <strong>3 horas, 4 minutos y 15 segundos<\/strong>. En tanto que <strong>Mar\u00eda de los \u00c1ngeles Pereyra<\/strong>, en la rama femenina, <strong>fue campeona sudamericana<\/strong> y estableci\u00f3 la segunda mejor marca a nivel nacional <strong>con un r\u00e9cord de 3 horas, 43 minutos y 40 segundos<\/strong>.<\/p>\n","protected":false},"excerpt":{"rendered":"<p>Tras varias semanas de preparaci\u00f3n, el atleta olavarriense visti\u00f3 la celeste y blanca y pudo concretar uno de sus sue\u00f1os.<\/p>\n","protected":false},"author":96739694,"featured_media":154301,"comment_status":"closed","ping_status":"closed","sticky":false,"template":"","format":"standard","meta":{"_jetpack_memberships_contains_paid_content":false,"footnotes":""},"categories":[38,1],"tags":[],"class_list":["post-140933","post","type-post","status-publish","format-standard","has-post-thumbnail","hentry","category-pedestrismo","category-portada"],"jetpack_featured_media_url":"https:\/\/i0.wp.com\/cdnoticias.com\/wp-content\/uploads\/2023\/03\/Jonathan-Navarro-Copa-Sudamericana-IAU.jpeg?fit=1074%2C801&ssl=1","jetpack_sharing_enabled":true,"_links":{"self":[{"href":"https:\/\/cdnoticias.com\/index.php\/wp-json\/wp\/v2\/posts\/140933","targetHints":{"allow":["GET"]}}],"collection":[{"href":"https:\/\/cdnoticias.com\/index.php\/wp-json\/wp\/v2\/posts"}],"about":[{"href":"https:\/\/cdnoticias.com\/index.php\/wp-json\/wp\/v2\/types\/post"}],"author":[{"embeddable":true,"href":"https:\/\/cdnoticias.com\/index.php\/wp-json\/wp\/v2\/users\/96739694"}],"replies":[{"embeddable":true,"href":"https:\/\/cdnoticias.com\/index.php\/wp-json\/wp\/v2\/comments?post=140933"}],"version-history":[{"count":0,"href":"https:\/\/cdnoticias.com\/index.php\/wp-json\/wp\/v2\/posts\/140933\/revisions"}],"wp:featuredmedia":[{"embeddable":true,"href":"https:\/\/cdnoticias.com\/index.php\/wp-json\/wp\/v2\/media\/154301"}],"wp:attachment":[{"href":"https:\/\/cdnoticias.com\/index.php\/wp-json\/wp\/v2\/media?parent=140933"}],"wp:term":[{"taxonomy":"category","embeddable":true,"href":"https:\/\/cdnoticias.com\/index.php\/wp-json\/wp\/v2\/categories?post=140933"},{"taxonomy":"post_tag","embeddable":true,"href":"https:\/\/cdnoticias.com\/index.php\/wp-json\/wp\/v2\/tags?post=140933"}],"curies":[{"name":"wp","href":"https:\/\/api.w.org\/{rel}","templated":true}]}}