{"id":140906,"date":"2023-03-25T01:59:54","date_gmt":"2023-03-25T04:59:54","guid":{"rendered":"http:\/\/centraldeportes.com.ar\/?p=32617"},"modified":"2025-02-11T13:35:23","modified_gmt":"2025-02-11T16:35:23","slug":"chingotto-y-garrido-jugaran-sus-primeras-semis-de-la-temporada","status":"publish","type":"post","link":"https:\/\/cdnoticias.com\/index.php\/2023\/03\/25\/chingotto-y-garrido-jugaran-sus-primeras-semis-de-la-temporada\/","title":{"rendered":"Chingotto y Garrido jugar\u00e1n sus primeras semis de la temporada"},"content":{"rendered":"<p>Debido a la baja de Juan Lebr\u00f3n por lesi\u00f3n, la pareja compuesta por el olavarriense y el espa\u00f1ol avanz\u00f3 de ronda y se metieron entre los cuatro mejores del Paraguay P\u00e1del Open 2023.<!--more--><\/p>\n<hr \/>\n<p>A pesar de tratarse del \u00faltimo torneo en conjunto como dupla,<strong> Federico Chingotto y Javier Garrido<\/strong> se mantienen firmes en el nuevo certamen de World P\u00e1del Tour, <strong>fueron solventes en la tarde-noche de este viernes y dejaron de lado a los n\u00famero 1 del Ranking Mundial<\/strong>.<\/p>\n<p>&nbsp;<\/p>\n<p><strong>En instancias de cuartos de final, se midieron frente a los espa\u00f1oles Alejandro Gal\u00e1n y Juan Lebr\u00f3n<\/strong> en el segundo turno vespertino de la Pista Central. Con un gran primer set donde consiguieron quebrar dos veces, <strong>Chingotto y Garrido lograron instaurarse con un rotundo 6 \u2013 3<\/strong> <strong>y repitieron la f\u00f3rmula en el segundo, que no pudo terminar y que culmin\u00f3 4 \u2013 0<\/strong>.<\/p>\n<p>&nbsp;<\/p>\n<p>Es que <strong>Lebr\u00f3n se resinti\u00f3 de los problemas en su antebrazo<\/strong>, lesi\u00f3n que le imposibilit\u00f3 continuar el encuentro y lo oblig\u00f3 a abandonar la pista. Dicho resultado, clasific\u00f3 directamente al <strong>dueto del argentino y el espa\u00f1ol quienes jugar\u00e1n juntos sus primeras semifinales de la temporada<\/strong>.<\/p>\n<p>&nbsp;<\/p>\n<p>Dicho compromiso se jugar\u00e1 este s\u00e1bado, en el segundo turno de la tarde en la Pista Central, donde \u201cFede\u201d y \u201cJavi\u201d <strong>se medir\u00e1n ante \u201cLos S\u00faperpibes\u201d, Franco Stupaczuk y Mart\u00edn Di Nenno<\/strong>.<\/p>\n<p>&nbsp;<\/p>\n<p><em><strong>Foto: World P\u00e1del Tour.<\/strong><\/em><\/p>\n","protected":false},"excerpt":{"rendered":"<p>Debido a la baja de Juan Lebr\u00f3n por lesi\u00f3n, la pareja compuesta por el olavarriense y el espa\u00f1ol avanz\u00f3 de<\/p>\n","protected":false},"author":96739694,"featured_media":154138,"comment_status":"closed","ping_status":"closed","sticky":false,"template":"","format":"standard","meta":{"_jetpack_memberships_contains_paid_content":false,"footnotes":""},"categories":[30,1],"tags":[],"class_list":["post-140906","post","type-post","status-publish","format-standard","has-post-thumbnail","hentry","category-polideportivo","category-portada"],"jetpack_featured_media_url":"https:\/\/i0.wp.com\/cdnoticias.com\/wp-content\/uploads\/2023\/03\/Federico-Chingotto-a-Semis-Open-Paraguay-2023.jpeg?fit=1600%2C914&ssl=1","jetpack_sharing_enabled":true,"_links":{"self":[{"href":"https:\/\/cdnoticias.com\/index.php\/wp-json\/wp\/v2\/posts\/140906","targetHints":{"allow":["GET"]}}],"collection":[{"href":"https:\/\/cdnoticias.com\/index.php\/wp-json\/wp\/v2\/posts"}],"about":[{"href":"https:\/\/cdnoticias.com\/index.php\/wp-json\/wp\/v2\/types\/post"}],"author":[{"embeddable":true,"href":"https:\/\/cdnoticias.com\/index.php\/wp-json\/wp\/v2\/users\/96739694"}],"replies":[{"embeddable":true,"href":"https:\/\/cdnoticias.com\/index.php\/wp-json\/wp\/v2\/comments?post=140906"}],"version-history":[{"count":0,"href":"https:\/\/cdnoticias.com\/index.php\/wp-json\/wp\/v2\/posts\/140906\/revisions"}],"wp:featuredmedia":[{"embeddable":true,"href":"https:\/\/cdnoticias.com\/index.php\/wp-json\/wp\/v2\/media\/154138"}],"wp:attachment":[{"href":"https:\/\/cdnoticias.com\/index.php\/wp-json\/wp\/v2\/media?parent=140906"}],"wp:term":[{"taxonomy":"category","embeddable":true,"href":"https:\/\/cdnoticias.com\/index.php\/wp-json\/wp\/v2\/categories?post=140906"},{"taxonomy":"post_tag","embeddable":true,"href":"https:\/\/cdnoticias.com\/index.php\/wp-json\/wp\/v2\/tags?post=140906"}],"curies":[{"name":"wp","href":"https:\/\/api.w.org\/{rel}","templated":true}]}}