{"id":140905,"date":"2023-03-25T00:07:41","date_gmt":"2023-03-25T03:07:41","guid":{"rendered":"http:\/\/centraldeportes.com.ar\/?p=32609"},"modified":"2025-02-11T13:35:24","modified_gmt":"2025-02-11T16:35:24","slug":"la-4-fecha-del-interligas-cumplio-con-todos-los-pendientes","status":"publish","type":"post","link":"https:\/\/cdnoticias.com\/index.php\/2023\/03\/25\/la-4-fecha-del-interligas-cumplio-con-todos-los-pendientes\/","title":{"rendered":"La 4\u00b0 fecha del Interligas cumpli\u00f3 con todos los pendientes"},"content":{"rendered":"<p>En la tarde de este viernes, con la disputa de los cuatro partidos postergados el pasado fin de semana, se complet\u00f3 otra jornada del certamen que re\u00fane a las ligas de Olavarr\u00eda, Bol\u00edvar, Azul y Laprida.<!--more--><\/p>\n<hr \/>\n<p>Tras la suspensi\u00f3n de los debidos cotejos el pasado domingo producto de la abundante lluvia ca\u00edda, <strong>este viernes se terminaron de jugar los cruces interrumpidos correspondientes a la 4\u00b0 fecha del Torneo Interligas<\/strong>.<\/p>\n<p>&nbsp;<\/p>\n<p>A lo largo de la jornada, adem\u00e1s del enfrentamiento entre <a href=\"https:\/\/cdnoticias.com\/en-un-polemico-final-estudiantes-volvio-al-triunfo-y-lo-hizo-con-goleada\/\">Estudiantes y Urdampilleta<\/a> (abrieron la 5\u00b0 fecha), completaron sus compromisos <strong>Lil\u00e1n \u2013 San Mart\u00edn, Alumni de Benito Ju\u00e1rez \u2013 Espigas, Loma Negra \u2013 Juventud y el cl\u00e1sico de La Madrid entre Ingeniero y Racing<\/strong>.<\/p>\n<p>&nbsp;<\/p>\n<p><strong>Hubo un asterisco en el cotejo que comprometi\u00f3 a Ferro Carril Sud y Empleados de Comercio en Reserva<\/strong>. Seg\u00fan trascendi\u00f3, el elenco \u201cCarbonero\u201d, que en cancha hab\u00eda vencido 3 a 2, incluy\u00f3 mal a un jugador y el Tribunal de Disciplina analiza la quita de puntos para el conjunto olavarriense.<\/p>\n<p>&nbsp;<\/p>\n<p><img data-recalc-dims=\"1\" loading=\"lazy\" decoding=\"async\" class=\"aligncenter wp-image-32610\" src=\"https:\/\/i0.wp.com\/centraldeportes.com.ar\/wp-content\/uploads\/2023\/03\/Ingeniero-LM-Racing-LM-4%C2%B0-fecha-Interligas-1.jpeg?resize=798%2C599\" alt=\"\" width=\"798\" height=\"599\" \/><\/p>\n<p>&nbsp;<\/p>\n<h6><strong>Resultados:<\/strong><\/h6>\n<p>&nbsp;<\/p>\n<h6>En Primera<\/h6>\n<p>&nbsp;<\/p>\n<h6><strong>Zona 1:<\/strong><\/h6>\n<p><strong>Atl\u00e9tico Urdampilleta<\/strong> (Mauricio Fierro) <strong>1 \u2013 0 Bull Dog<\/strong><\/p>\n<p><strong>Bancario<\/strong> (Diego Palacios)<strong> 1 \u2013 0 Estudiantes<\/strong><\/p>\n<p><strong>Casariego<\/strong> (Luciano Molina y Nicol\u00e1s Defilippi) <strong>2 \u2013 3 Racing<\/strong> (Olavarr\u00eda) (Rub\u00e9n Tarasco -2- y Nicol\u00e1s Grigera)<\/p>\n<p>&nbsp;<\/p>\n<h6><strong>Zona 2:<\/strong><\/h6>\n<p><strong>Alumni (Azul) 0 \u2013 1 Balonpi\u00e9<\/strong> (Joaqu\u00edn Galv\u00e1n)<\/p>\n<p><strong>Boca<\/strong> (Mariano Merli y Federico Albisini)<strong> 2 \u2013 2 V\u00e9lez<\/strong> (Juan Sim\u00f3n Puente -2-)<\/p>\n<p><strong>Ciudad de Bol\u00edvar<\/strong> (Alfredo Troncoso -2-, Mart\u00edn Balestrasse -2-, Marcos Gamarra y Mat\u00edas Mones)<strong> 6 \u2013 1 River<\/strong> (Ramiro Funes)<\/p>\n<p>Libre: Azul Athletic.<\/p>\n<p>&nbsp;<\/p>\n<h6><strong>Zona 3:<\/strong><\/h6>\n<p><strong>Estrellas de Juventud<\/strong> (Marcelo Alustiza)<strong> 1 \u2013 1 San Jos\u00e9<\/strong> (Kevin Narvaja)<\/p>\n<p><strong>Independiente de Bol\u00edvar<\/strong> (Gustavo Piccirillo)<strong> 1 \u2013 2 El Fort\u00edn<\/strong> (Yoel Gonz\u00e1lez y Hugo Larregina)<\/p>\n<p><strong>Ferro Carril Sud 0 \u2013 1 Empleados de Comercio<\/strong> (Mateo Berdesegar)<\/p>\n<p>Libre: Sportivo Piazza.<\/p>\n<p>&nbsp;<\/p>\n<h6><strong>Zona 4:<\/strong><\/h6>\n<p><strong>Cemento 0 \u2013 0 Embajadores<\/strong><\/p>\n<p><strong>Atl\u00e9tico Tapalqu\u00e9<\/strong> (Kevin Ardiles)<strong> 1 \u2013 2 Sarmiento de Tapalqu\u00e9<\/strong> (Juan Gallardo y Guido Chamorro)<\/p>\n<p><strong>Luj\u00e1n<\/strong> (Tom\u00e1s Cano -2-)<strong> 2 \u2013 2 Porte\u00f1o<\/strong> (Braian Coronel y Rodrigo Montesano)<\/p>\n<p>Libre: Chacarita.<\/p>\n<p>&nbsp;<\/p>\n<h6><strong>Zona 5:<\/strong><\/h6>\n<p><strong>Lil\u00e1n<\/strong> (Fernando Almada y Tahian Rodr\u00edguez) <strong>2 \u2013 0 San Mart\u00edn<\/strong><\/p>\n<p><strong>Municipales<\/strong> (Brian Niz y Franco Janson) <strong>2 \u2013 2 Independiente de Chillar<\/strong> (Ra\u00fal Tortorella -2-)<\/p>\n<p><strong>Jorge Newbery<\/strong> (Mauro Ramos y Sergio Bertellys)<strong> 2 \u2013 0 Platense<\/strong><\/p>\n<p><strong>Loma Negra<\/strong> (Gabriel Rivas) <strong>1 \u2013 0 Juventud<\/strong><\/p>\n<p>&nbsp;<\/p>\n<h6><strong>Zona 6:<\/strong><\/h6>\n<p><strong>San Jorge<\/strong> (Ramiro Del Valle y Esteban Balquinta) <strong>2 \u2013 0 Barracas<\/strong><\/p>\n<p><strong>Ingeniero Newbery<\/strong> (Franco Gonz\u00e1lez) <strong>1 \u2013 4 Racing (La Madrid)<\/strong> (Denis Soudrell, Dylan Arce -2- y Francisco G\u00f3mez)<\/p>\n<p><a href=\"https:\/\/cdnoticias.com\/el-clasico-mas-convocante-quedo-tenido-de-verde-y-blanco\/\">Hinojo (Ezequiel Amado y Joel Pois) 2 \u2013 1 Sierra Chica (Emanuel De Cort\u00e1zar)<\/a><\/p>\n<p><strong>Alumni (Benito Ju\u00e1rez)<\/strong> (Alfonso Elia) <strong>1 \u2013 0 Espigas<\/strong><\/p>\n<p>&nbsp;<\/p>\n<h6>En Reserva<\/h6>\n<p>&nbsp;<\/p>\n<h6><strong>Zona 1:<\/strong><\/h6>\n<p>Atl\u00e9tico Urdampilleta <strong>1 \u2013 7 <\/strong>Bull Dog<\/p>\n<p>Bancario <strong>0 \u2013 2<\/strong> Estudiantes<\/p>\n<p>Casariego <strong>0 \u2013 3<\/strong> Racing (Olavarr\u00eda)<\/p>\n<p>&nbsp;<\/p>\n<h6><strong>Zona 2:<\/strong><\/h6>\n<p>Alumni (Azul) <strong>3 \u2013 1<\/strong> Balonpi\u00e9<\/p>\n<p>Boca <strong>0 \u2013 1<\/strong> V\u00e9lez<\/p>\n<p>Libre: Azul Athletic y River.<\/p>\n<p>&nbsp;<\/p>\n<h6><strong>Zona 3:<\/strong><\/h6>\n<p>Estrellas de Juventud <strong>1 \u2013 1<\/strong> San Jos\u00e9<\/p>\n<p>Independiente de Bol\u00edvar <strong>3 \u2013 4<\/strong> El Fort\u00edn<\/p>\n<p>Ferro Carril Sud \u2013 Empleados de Comercio (<strong>Partido en an\u00e1lisis del Tribunal de Disciplina<\/strong>)<\/p>\n<p>Libre: Sportivo Piazza.<\/p>\n<p>&nbsp;<\/p>\n<h6><strong>Zona 4:<\/strong><\/h6>\n<p>Cemento <strong>0 \u2013 2<\/strong> Embajadores<\/p>\n<p>Atl\u00e9tico Tapalqu\u00e9 <strong>1 \u2013 1<\/strong> Sarmiento de Tapalqu\u00e9<\/p>\n<p>Luj\u00e1n <strong>0 \u2013 1<\/strong> Porte\u00f1o<\/p>\n<p>Libre: Chacarita.<\/p>\n<p>&nbsp;<\/p>\n<h6><strong>Zona 5:<\/strong><\/h6>\n<p>Lil\u00e1n <strong>2 \u2013 2<\/strong> San Mart\u00edn<\/p>\n<p>Municipales <strong>0 \u2013 2<\/strong> Independiente de Chillar<\/p>\n<p>Jorge Newbery <strong>6 \u2013 1<\/strong> Platense<\/p>\n<p>Loma Negra <strong>0 \u2013 1<\/strong> Juventud<\/p>\n<p>&nbsp;<\/p>\n<h6><strong>Zona 6:<\/strong><\/h6>\n<p>San Jorge <strong>1 \u2013 2<\/strong> Barracas<\/p>\n<p>Ingeniero Newbery <strong>2 \u2013 2<\/strong> Racing (La Madrid)<\/p>\n<p>Hinojo <strong>4 \u2013 0<\/strong> Sierra Chica<\/p>\n<p>Alumni (Benito Ju\u00e1rez) <strong>1 \u2013 2<\/strong> Espigas<\/p>\n","protected":false},"excerpt":{"rendered":"<p>En la tarde de este viernes, con la disputa de los cuatro partidos postergados el pasado fin de semana, se<\/p>\n","protected":false},"author":96739694,"featured_media":154140,"comment_status":"closed","ping_status":"closed","sticky":false,"template":"","format":"standard","meta":{"_jetpack_memberships_contains_paid_content":false,"footnotes":""},"categories":[35,1,41],"tags":[],"class_list":["post-140905","post","type-post","status-publish","format-standard","has-post-thumbnail","hentry","category-futbol","category-portada","category-primera-y-reserva"],"jetpack_featured_media_url":"https:\/\/i0.wp.com\/cdnoticias.com\/wp-content\/uploads\/2023\/03\/Ingeniero-LM-Racing-LM-4%C2%B0-fecha-Interligas.jpeg?fit=1600%2C1200&ssl=1","jetpack_sharing_enabled":true,"_links":{"self":[{"href":"https:\/\/cdnoticias.com\/index.php\/wp-json\/wp\/v2\/posts\/140905","targetHints":{"allow":["GET"]}}],"collection":[{"href":"https:\/\/cdnoticias.com\/index.php\/wp-json\/wp\/v2\/posts"}],"about":[{"href":"https:\/\/cdnoticias.com\/index.php\/wp-json\/wp\/v2\/types\/post"}],"author":[{"embeddable":true,"href":"https:\/\/cdnoticias.com\/index.php\/wp-json\/wp\/v2\/users\/96739694"}],"replies":[{"embeddable":true,"href":"https:\/\/cdnoticias.com\/index.php\/wp-json\/wp\/v2\/comments?post=140905"}],"version-history":[{"count":0,"href":"https:\/\/cdnoticias.com\/index.php\/wp-json\/wp\/v2\/posts\/140905\/revisions"}],"wp:featuredmedia":[{"embeddable":true,"href":"https:\/\/cdnoticias.com\/index.php\/wp-json\/wp\/v2\/media\/154140"}],"wp:attachment":[{"href":"https:\/\/cdnoticias.com\/index.php\/wp-json\/wp\/v2\/media?parent=140905"}],"wp:term":[{"taxonomy":"category","embeddable":true,"href":"https:\/\/cdnoticias.com\/index.php\/wp-json\/wp\/v2\/categories?post=140905"},{"taxonomy":"post_tag","embeddable":true,"href":"https:\/\/cdnoticias.com\/index.php\/wp-json\/wp\/v2\/tags?post=140905"}],"curies":[{"name":"wp","href":"https:\/\/api.w.org\/{rel}","templated":true}]}}