{"id":140800,"date":"2024-11-28T12:13:54","date_gmt":"2024-11-28T15:13:54","guid":{"rendered":"https:\/\/centraldeportes.com.ar\/?p=57844"},"modified":"2025-02-14T00:11:04","modified_gmt":"2025-02-14T03:11:04","slug":"gonzalo-aman-debuto-en-la-liga-nacional-con-penarol","status":"publish","type":"post","link":"https:\/\/cdnoticias.com\/index.php\/2024\/11\/28\/gonzalo-aman-debuto-en-la-liga-nacional-con-penarol\/","title":{"rendered":"Gonzalo Aman debut\u00f3 en la Liga Nacional con Pe\u00f1arol"},"content":{"rendered":"<p>En la noche de este mi\u00e9rcoles, Gonzalo Aman, surgido en Estudiantes y hoy en Pe\u00f1arol de Mar del Plata, hizo su debut en la Liga Nacional de B\u00e1squet en donde el equipo marplatense venci\u00f3 a San Mart\u00edn de Corrientes por 87-61.<\/p>\n<p><!--more--><\/p>\n<hr \/>\n<p>Aman sum\u00f3 1:27 y ser\u00e1 un d\u00eda que quedar\u00e1 grabado en su memoria. Adem\u00e1s, recordamos que el jugador surgido en el Bata tiene un gran presente en la Liga de Desarrollo, siendo una de las m\u00e1ximas figuras del elenco. Por otra parte, recalcamos que Gonzalo Aman comparte equipo con Federico Mar\u00edn.<\/p>\n","protected":false},"excerpt":{"rendered":"<p>En la noche de este mi\u00e9rcoles, Gonzalo Aman, surgido en Estudiantes y hoy en Pe\u00f1arol de Mar del Plata, hizo<\/p>\n","protected":false},"author":96739694,"featured_media":163872,"comment_status":"closed","ping_status":"closed","sticky":false,"template":"","format":"standard","meta":{"_jetpack_memberships_contains_paid_content":false,"footnotes":""},"categories":[31,36,1],"tags":[],"class_list":["post-140800","post","type-post","status-publish","format-standard","has-post-thumbnail","hentry","category-basquet","category-liga-nacional","category-portada"],"jetpack_featured_media_url":"https:\/\/i0.wp.com\/cdnoticias.com\/wp-content\/uploads\/2024\/11\/Aman-scaled.jpg?fit=2560%2C1702&ssl=1","jetpack_sharing_enabled":true,"_links":{"self":[{"href":"https:\/\/cdnoticias.com\/index.php\/wp-json\/wp\/v2\/posts\/140800","targetHints":{"allow":["GET"]}}],"collection":[{"href":"https:\/\/cdnoticias.com\/index.php\/wp-json\/wp\/v2\/posts"}],"about":[{"href":"https:\/\/cdnoticias.com\/index.php\/wp-json\/wp\/v2\/types\/post"}],"author":[{"embeddable":true,"href":"https:\/\/cdnoticias.com\/index.php\/wp-json\/wp\/v2\/users\/96739694"}],"replies":[{"embeddable":true,"href":"https:\/\/cdnoticias.com\/index.php\/wp-json\/wp\/v2\/comments?post=140800"}],"version-history":[{"count":0,"href":"https:\/\/cdnoticias.com\/index.php\/wp-json\/wp\/v2\/posts\/140800\/revisions"}],"wp:featuredmedia":[{"embeddable":true,"href":"https:\/\/cdnoticias.com\/index.php\/wp-json\/wp\/v2\/media\/163872"}],"wp:attachment":[{"href":"https:\/\/cdnoticias.com\/index.php\/wp-json\/wp\/v2\/media?parent=140800"}],"wp:term":[{"taxonomy":"category","embeddable":true,"href":"https:\/\/cdnoticias.com\/index.php\/wp-json\/wp\/v2\/categories?post=140800"},{"taxonomy":"post_tag","embeddable":true,"href":"https:\/\/cdnoticias.com\/index.php\/wp-json\/wp\/v2\/tags?post=140800"}],"curies":[{"name":"wp","href":"https:\/\/api.w.org\/{rel}","templated":true}]}}