{"id":140799,"date":"2024-11-28T08:01:56","date_gmt":"2024-11-28T11:01:56","guid":{"rendered":"https:\/\/centraldeportes.com.ar\/?p=57838"},"modified":"2024-11-28T08:01:56","modified_gmt":"2024-11-28T11:01:56","slug":"racing-dio-vuelta-la-serie-y-se-metio-en-la-final-del-fatiga-russo-2","status":"publish","type":"post","link":"https:\/\/cdnoticias.com\/index.php\/2024\/11\/28\/racing-dio-vuelta-la-serie-y-se-metio-en-la-final-del-fatiga-russo-2\/","title":{"rendered":"Racing dio vuelta la serie y se meti\u00f3 en la final del \u201cFatiga\u201d Russo"},"content":{"rendered":"<p>El \u201cChaira\u201d sac\u00f3 la diferencia en el primer tiempo, venci\u00f3 2 a 0 a Ferro (global 2 \u2013 1) y alcanz\u00f3, una vez m\u00e1s, la definici\u00f3n del campeonato local de Primera Divisi\u00f3n.<!--more--><\/p>\n<hr \/>\n<p>En un asolado Jos\u00e9 Buglione Martinese sin la presencia de p\u00fablico en las tribunas, <strong>Racing elimin\u00f3 a Ferro en semifinales y se meti\u00f3 este mi\u00e9rcoles por la noche en la definici\u00f3n del Torneo \u201cFatiga\u201d Russo de Primera Divisi\u00f3n<\/strong>.<\/p>\n<p>&nbsp;<\/p>\n<p>Con goles de <strong>Mat\u00edas Ordozgoiti<\/strong> y <strong>Gonzalo Izaguirre<\/strong>, el \u201cChaira\u201d se impuso<strong> 2 a 0<\/strong> ante el \u201cCarbonero\u201d y logr\u00f3 dar vuelta 2 \u2013 1 la serie que le fue adversa siete d\u00edas atr\u00e1s en el reducto de la avenida Pringles.<\/p>\n<p>&nbsp;<\/p>\n<p><img data-recalc-dims=\"1\" loading=\"lazy\" decoding=\"async\" class=\"aligncenter size-full wp-image-57840\" src=\"https:\/\/i0.wp.com\/centraldeportes.com.ar\/wp-content\/uploads\/2024\/11\/TAFR-Semis-vuelta-Racing-vs-Ferro1-e1732791672701.jpeg?resize=800%2C494&#038;ssl=1\" alt=\"\" width=\"800\" height=\"494\" \/><\/p>\n<p>&nbsp;<\/p>\n<p>\u201cLa Estrellita\u201d, que se hizo fuerte en su casa, encontr\u00f3 las emociones en la primera mitad. <strong>Iban apenas 13\u2019 cuando Garabento, desde el piso, asisti\u00f3 como pudo a Ordozgoiti que, mano a mano con Vedelini, no perdon\u00f3 y marc\u00f3 el 1 \u2013 0<\/strong>.<\/p>\n<p>&nbsp;<\/p>\n<p>El segundo lleg\u00f3 a los 35\u2019 y de pelota parada. <strong>Gonzalo Izaguirre gan\u00f3 en las alturas un centro de Ordozgoiti, alcanz\u00f3 a peinar para desviar la trayectoria de la pelota y la clav\u00f3 al palo m\u00e1s lejano de Vedelini<\/strong>.<\/p>\n<p>&nbsp;<\/p>\n<p><img data-recalc-dims=\"1\" loading=\"lazy\" decoding=\"async\" class=\"aligncenter size-full wp-image-57841\" src=\"https:\/\/i0.wp.com\/centraldeportes.com.ar\/wp-content\/uploads\/2024\/11\/TAFR-Semis-vuelta-Racing-vs-Ferro-e1732791689960.jpeg?resize=800%2C475&#038;ssl=1\" alt=\"\" width=\"800\" height=\"475\" \/><\/p>\n<p>&nbsp;<\/p>\n<p>De esta forma, los dirigidos por el \u201cChueco\u201d Garc\u00eda Lorenzo volver\u00e1n a jugar una final del certamen dom\u00e9stico y ser\u00e1 nuevamente contra <strong>Embajadores<\/strong>, tal como sucedi\u00f3 en la \u00faltima competencia local.<\/p>\n<p>&nbsp;<\/p>\n<p><strong>S\u00edntesis Racing \u2013 Ferro Carril Sud:<\/strong><\/p>\n<p><strong>Racing (2):<\/strong> Rodrigo Vivas; Facundo Tucker, Gonzalo Izaguirre, Ayrton Palmieri, Leonardo Vitale; Alejo Ponzi (S. Izaguirre), Manuel Scacheri, Mat\u00edas Ordozgoiti (M. Pino), Juan Ignacio Fern\u00e1ndez; Ferm\u00edn Kolman (P. Mujica) y Rom\u00e1n Garabento (R. Tarasco). DT: Carlos Adri\u00e1n (Suspendido David Garc\u00eda Lorenzo).<\/p>\n<p><strong>Ferro (0):<\/strong> Franco Vedelini; Emanuel Teves, Franco Aguirre, Mateo Tamagnini, Santiago S\u00e1enz Buruaga; Nicol\u00e1s Lareu, Maximiliano Gargaglione (Y. Gonz\u00e1lez), Gast\u00f3n Borda, Juan Manuel Ponce (J. Stular); Ram\u00f3n S\u00e1nchez y Manuel Abent\u00edn. DT: Jorge Izquierdo.<\/p>\n<p><strong>Goles: <\/strong>13min PT Mat\u00edas Ordozgoiti (RAC) y 35min PT Gonzalo Izaguirre (RAC).<\/p>\n<p><strong>Amonestados:<\/strong> Scacheri y Fern\u00e1ndez (Racing); Tamagnini, S\u00e1enz Buruaga y Abent\u00edn (Ferro).<\/p>\n<p><strong>Expulsados:<\/strong> Diego Arredondo \u2013 PF \u2013 y Rom\u00e1n Garabento (RAC); Franco Aguirre (FCS).<\/p>\n<p><strong>\u00c1rbitro:<\/strong> Nicol\u00e1s Moreno. <strong>Estadio:<\/strong> Jos\u00e9 Buglione Martinese.<\/p>\n<p>&nbsp;<\/p>\n<p><em><strong>Fotos: Ver\u00f3nica Vivas \/\/ @verito_fotografias.<\/strong><\/em><\/p>\n","protected":false},"excerpt":{"rendered":"<p>El \u201cChaira\u201d sac\u00f3 la diferencia en el primer tiempo, venci\u00f3 2 a 0 a Ferro (global 2 \u2013 1) y<\/p>\n","protected":false},"author":96739695,"featured_media":57839,"comment_status":"closed","ping_status":"closed","sticky":false,"template":"","format":"standard","meta":{"_jetpack_memberships_contains_paid_content":false,"footnotes":""},"categories":[35,1,41],"tags":[],"class_list":["post-140799","post","type-post","status-publish","format-standard","has-post-thumbnail","hentry","category-futbol","category-portada","category-primera-y-reserva"],"jetpack_featured_media_url":"","jetpack_sharing_enabled":true,"_links":{"self":[{"href":"https:\/\/cdnoticias.com\/index.php\/wp-json\/wp\/v2\/posts\/140799","targetHints":{"allow":["GET"]}}],"collection":[{"href":"https:\/\/cdnoticias.com\/index.php\/wp-json\/wp\/v2\/posts"}],"about":[{"href":"https:\/\/cdnoticias.com\/index.php\/wp-json\/wp\/v2\/types\/post"}],"author":[{"embeddable":true,"href":"https:\/\/cdnoticias.com\/index.php\/wp-json\/wp\/v2\/users\/96739695"}],"replies":[{"embeddable":true,"href":"https:\/\/cdnoticias.com\/index.php\/wp-json\/wp\/v2\/comments?post=140799"}],"version-history":[{"count":0,"href":"https:\/\/cdnoticias.com\/index.php\/wp-json\/wp\/v2\/posts\/140799\/revisions"}],"wp:featuredmedia":[{"embeddable":true,"href":"https:\/\/cdnoticias.com\/index.php\/wp-json\/"}],"wp:attachment":[{"href":"https:\/\/cdnoticias.com\/index.php\/wp-json\/wp\/v2\/media?parent=140799"}],"wp:term":[{"taxonomy":"category","embeddable":true,"href":"https:\/\/cdnoticias.com\/index.php\/wp-json\/wp\/v2\/categories?post=140799"},{"taxonomy":"post_tag","embeddable":true,"href":"https:\/\/cdnoticias.com\/index.php\/wp-json\/wp\/v2\/tags?post=140799"}],"curies":[{"name":"wp","href":"https:\/\/api.w.org\/{rel}","templated":true}]}}