{"id":140791,"date":"2024-11-26T16:39:50","date_gmt":"2024-11-26T19:39:50","guid":{"rendered":"https:\/\/centraldeportes.com.ar\/?p=57800"},"modified":"2025-02-14T00:11:15","modified_gmt":"2025-02-14T03:11:15","slug":"copa-ciudad-de-olavarria-la-1-edicion-tiene-a-sus-campeones","status":"publish","type":"post","link":"https:\/\/cdnoticias.com\/index.php\/2024\/11\/26\/copa-ciudad-de-olavarria-la-1-edicion-tiene-a-sus-campeones\/","title":{"rendered":"&#8220;Copa Ciudad de Olavarr\u00eda&#8221;: la 1\u00b0 edici\u00f3n tiene a sus campeones"},"content":{"rendered":"<p>Lleg\u00f3 a su fin la 1\u00b0 edici\u00f3n de la \u201cCopa Ciudad de Olavarr\u00eda\u201d que organiz\u00f3 la Asociaci\u00f3n de B\u00e1squet de Olavarr\u00eda y cont\u00f3 con el auspicio de la Municipalidad de Olavarr\u00eda. Festejaron Ferro, San Mart\u00edn y Pueblo Nuevo.<!--more--><\/p>\n<hr \/>\n<p>En el Amadeo Bellingeri se jugaron las tres finales de la primera edici\u00f3n de la competencia formativa reservada para los clubes locales que cont\u00f3 con la participaci\u00f3n de las Selecciones Femeninas de la ABO.<\/p>\n<p>&nbsp;<\/p>\n<p>La jornada inici\u00f3 con el festejo de Ferro en U13, sigui\u00f3 con la consagraci\u00f3n de San Mart\u00edn en U15 y, por \u00faltimo, Pueblo Nuevo se qued\u00f3 con la victoria en U17.<\/p>\n<p>&nbsp;<\/p>\n<p>La entrega de premios estuvo a cargo de integrantes de la Comisi\u00f3n Directiva de la entidad reguladora del b\u00e1squet local.<\/p>\n<p>&nbsp;<\/p>\n<p>[soliloquy id=&#8221;57805&#8243;]<\/p>\n<p>&nbsp;<\/p>\n<p>Los resultados:<\/p>\n<p>U13:<br \/>\nEl Fort\u00edn 42 \u2013 74 Ferro<\/p>\n<p>U15:<br \/>\nSan Mart\u00edn 60 \u2013 29 Loma Negra<\/p>\n<p>U17:<br \/>\nPueblo Nuevo 50 \u2013 37 Racing<\/p>\n","protected":false},"excerpt":{"rendered":"<p>Lleg\u00f3 a su fin la 1\u00b0 edici\u00f3n de la \u201cCopa Ciudad de Olavarr\u00eda\u201d que organiz\u00f3 la Asociaci\u00f3n de B\u00e1squet de<\/p>\n","protected":false},"author":96739694,"featured_media":163892,"comment_status":"closed","ping_status":"closed","sticky":false,"template":"","format":"standard","meta":{"_jetpack_memberships_contains_paid_content":false,"footnotes":""},"categories":[31,44,1],"tags":[],"class_list":["post-140791","post","type-post","status-publish","format-standard","has-post-thumbnail","hentry","category-basquet","category-inferiores-basquet","category-portada"],"jetpack_featured_media_url":"https:\/\/i0.wp.com\/cdnoticias.com\/wp-content\/uploads\/2024\/11\/inf-2-1.jpg?fit=800%2C445&ssl=1","jetpack_sharing_enabled":true,"_links":{"self":[{"href":"https:\/\/cdnoticias.com\/index.php\/wp-json\/wp\/v2\/posts\/140791","targetHints":{"allow":["GET"]}}],"collection":[{"href":"https:\/\/cdnoticias.com\/index.php\/wp-json\/wp\/v2\/posts"}],"about":[{"href":"https:\/\/cdnoticias.com\/index.php\/wp-json\/wp\/v2\/types\/post"}],"author":[{"embeddable":true,"href":"https:\/\/cdnoticias.com\/index.php\/wp-json\/wp\/v2\/users\/96739694"}],"replies":[{"embeddable":true,"href":"https:\/\/cdnoticias.com\/index.php\/wp-json\/wp\/v2\/comments?post=140791"}],"version-history":[{"count":0,"href":"https:\/\/cdnoticias.com\/index.php\/wp-json\/wp\/v2\/posts\/140791\/revisions"}],"wp:featuredmedia":[{"embeddable":true,"href":"https:\/\/cdnoticias.com\/index.php\/wp-json\/wp\/v2\/media\/163892"}],"wp:attachment":[{"href":"https:\/\/cdnoticias.com\/index.php\/wp-json\/wp\/v2\/media?parent=140791"}],"wp:term":[{"taxonomy":"category","embeddable":true,"href":"https:\/\/cdnoticias.com\/index.php\/wp-json\/wp\/v2\/categories?post=140791"},{"taxonomy":"post_tag","embeddable":true,"href":"https:\/\/cdnoticias.com\/index.php\/wp-json\/wp\/v2\/tags?post=140791"}],"curies":[{"name":"wp","href":"https:\/\/api.w.org\/{rel}","templated":true}]}}