{"id":140786,"date":"2024-11-25T22:49:11","date_gmt":"2024-11-26T01:49:11","guid":{"rendered":"https:\/\/centraldeportes.com.ar\/?p=57783"},"modified":"2025-02-14T00:09:55","modified_gmt":"2025-02-14T03:09:55","slug":"podio-para-los-ardiles-en-la-milla-urbana-de-buenos-aires","status":"publish","type":"post","link":"https:\/\/cdnoticias.com\/index.php\/2024\/11\/25\/podio-para-los-ardiles-en-la-milla-urbana-de-buenos-aires\/","title":{"rendered":"Podio para los Ardiles en la Milla Urbana de Buenos Aires"},"content":{"rendered":"<p>El pasado s\u00e1bado, en plena Avenida 9 de Julio se corri\u00f3 una nueva edici\u00f3n de la Milla Urbana de Buenos Aires y fue con podio para dos atletas del grupo Correcaminos.<!--more--><\/p>\n<hr \/>\n<p>Alfredo y Jos\u00e9 Luis Ardiles participaron de los 1.609 metros de Buenos Aires y destacaron en sus categor\u00edas.<\/p>\n<p>&nbsp;<\/p>\n<p>En Juveniles, Alfredo Ardiles volvi\u00f3 a quedarse con la victoria por segundo a\u00f1o consecutivo y Jos\u00e9 Luis Ardiles fue tercero entre los atletas de su edad.<\/p>\n","protected":false},"excerpt":{"rendered":"<p>El pasado s\u00e1bado, en plena Avenida 9 de Julio se corri\u00f3 una nueva edici\u00f3n de la Milla Urbana de Buenos<\/p>\n","protected":false},"author":96739694,"featured_media":163784,"comment_status":"closed","ping_status":"closed","sticky":false,"template":"","format":"standard","meta":{"_jetpack_memberships_contains_paid_content":false,"footnotes":""},"categories":[38,1],"tags":[],"class_list":["post-140786","post","type-post","status-publish","format-standard","has-post-thumbnail","hentry","category-pedestrismo","category-portada"],"jetpack_featured_media_url":"https:\/\/i0.wp.com\/cdnoticias.com\/wp-content\/uploads\/2024\/11\/milla-urbana.jpg?fit=800%2C445&ssl=1","jetpack_sharing_enabled":true,"_links":{"self":[{"href":"https:\/\/cdnoticias.com\/index.php\/wp-json\/wp\/v2\/posts\/140786","targetHints":{"allow":["GET"]}}],"collection":[{"href":"https:\/\/cdnoticias.com\/index.php\/wp-json\/wp\/v2\/posts"}],"about":[{"href":"https:\/\/cdnoticias.com\/index.php\/wp-json\/wp\/v2\/types\/post"}],"author":[{"embeddable":true,"href":"https:\/\/cdnoticias.com\/index.php\/wp-json\/wp\/v2\/users\/96739694"}],"replies":[{"embeddable":true,"href":"https:\/\/cdnoticias.com\/index.php\/wp-json\/wp\/v2\/comments?post=140786"}],"version-history":[{"count":0,"href":"https:\/\/cdnoticias.com\/index.php\/wp-json\/wp\/v2\/posts\/140786\/revisions"}],"wp:featuredmedia":[{"embeddable":true,"href":"https:\/\/cdnoticias.com\/index.php\/wp-json\/wp\/v2\/media\/163784"}],"wp:attachment":[{"href":"https:\/\/cdnoticias.com\/index.php\/wp-json\/wp\/v2\/media?parent=140786"}],"wp:term":[{"taxonomy":"category","embeddable":true,"href":"https:\/\/cdnoticias.com\/index.php\/wp-json\/wp\/v2\/categories?post=140786"},{"taxonomy":"post_tag","embeddable":true,"href":"https:\/\/cdnoticias.com\/index.php\/wp-json\/wp\/v2\/tags?post=140786"}],"curies":[{"name":"wp","href":"https:\/\/api.w.org\/{rel}","templated":true}]}}