{"id":140778,"date":"2024-11-24T15:07:22","date_gmt":"2024-11-24T18:07:22","guid":{"rendered":"https:\/\/centraldeportes.com.ar\/?p=57756"},"modified":"2025-02-14T00:10:06","modified_gmt":"2025-02-14T03:10:06","slug":"las-semis-de-la-divisional-b-comenzaron-con-empates","status":"publish","type":"post","link":"https:\/\/cdnoticias.com\/index.php\/2024\/11\/24\/las-semis-de-la-divisional-b-comenzaron-con-empates\/","title":{"rendered":"Las semis de la Divisional B comenzaron con empates"},"content":{"rendered":"<p>Con igualdad sin goles, Independiente de Colonia San Miguel y Luj\u00e1n quedaron a mano en el Pozo Serrano. En Reserva, Crotto y Villa Magdalena tampoco se sacaron ventajas.<!--more--><\/p>\n<hr \/>\n<p>El reducto de San Mart\u00edn de Sierras Bayas alberg\u00f3 este \u00faltimo s\u00e1bado las<strong> semifinales del Torneo Clausura perteneciente a la Divisional B<\/strong> de la Liga de F\u00fatbol. Y ambos duelos fueron con sendos empates.<\/p>\n<p>&nbsp;<\/p>\n<p>En el primer turno de la jornada, <strong>Crotto y Villa Magdalena no se sacaron diferencias e igualaron 1 a 1 en la Divisi\u00f3n Reserva<\/strong>.<\/p>\n<p>&nbsp;<\/p>\n<p><strong>Cristian L\u00f3pez<\/strong> convirti\u00f3 el grito \u201cCeleste\u201d, mientras que <strong>Rodrigo Vi\u00f1uela<\/strong> lo hizo para el \u201cVillero\u201d.<\/p>\n<p>&nbsp;<\/p>\n<p>M\u00e1s tarde, <strong>en Primera Divisi\u00f3n, Independiente de Colonia San Miguel y Luj\u00e1n tampoco pasaron del mismo resultado y empataron 0 a 0<\/strong>. Todo se definir\u00e1 el pr\u00f3ximo fin de semana con el duelo revancha.<\/p>\n<p>&nbsp;<\/p>\n<p><em><strong>Foto: Ro Ciappina Fotograf\u00edas (Archivo).<\/strong><\/em><\/p>\n","protected":false},"excerpt":{"rendered":"<p>Con igualdad sin goles, Independiente de Colonia San Miguel y Luj\u00e1n quedaron a mano en el Pozo Serrano. En Reserva,<\/p>\n","protected":false},"author":96739694,"featured_media":163800,"comment_status":"closed","ping_status":"closed","sticky":false,"template":"","format":"standard","meta":{"_jetpack_memberships_contains_paid_content":false,"footnotes":""},"categories":[35,1,41],"tags":[],"class_list":["post-140778","post","type-post","status-publish","format-standard","has-post-thumbnail","hentry","category-futbol","category-portada","category-primera-y-reserva"],"jetpack_featured_media_url":"https:\/\/i0.wp.com\/cdnoticias.com\/wp-content\/uploads\/2024\/11\/Divisional-B-Independiente-CSM-e1732471624647.png?fit=1076%2C613&ssl=1","jetpack_sharing_enabled":true,"_links":{"self":[{"href":"https:\/\/cdnoticias.com\/index.php\/wp-json\/wp\/v2\/posts\/140778","targetHints":{"allow":["GET"]}}],"collection":[{"href":"https:\/\/cdnoticias.com\/index.php\/wp-json\/wp\/v2\/posts"}],"about":[{"href":"https:\/\/cdnoticias.com\/index.php\/wp-json\/wp\/v2\/types\/post"}],"author":[{"embeddable":true,"href":"https:\/\/cdnoticias.com\/index.php\/wp-json\/wp\/v2\/users\/96739694"}],"replies":[{"embeddable":true,"href":"https:\/\/cdnoticias.com\/index.php\/wp-json\/wp\/v2\/comments?post=140778"}],"version-history":[{"count":0,"href":"https:\/\/cdnoticias.com\/index.php\/wp-json\/wp\/v2\/posts\/140778\/revisions"}],"wp:featuredmedia":[{"embeddable":true,"href":"https:\/\/cdnoticias.com\/index.php\/wp-json\/wp\/v2\/media\/163800"}],"wp:attachment":[{"href":"https:\/\/cdnoticias.com\/index.php\/wp-json\/wp\/v2\/media?parent=140778"}],"wp:term":[{"taxonomy":"category","embeddable":true,"href":"https:\/\/cdnoticias.com\/index.php\/wp-json\/wp\/v2\/categories?post=140778"},{"taxonomy":"post_tag","embeddable":true,"href":"https:\/\/cdnoticias.com\/index.php\/wp-json\/wp\/v2\/tags?post=140778"}],"curies":[{"name":"wp","href":"https:\/\/api.w.org\/{rel}","templated":true}]}}