{"id":140775,"date":"2024-11-24T12:43:26","date_gmt":"2024-11-24T15:43:26","guid":{"rendered":"https:\/\/centraldeportes.com.ar\/?p=57741"},"modified":"2025-02-14T00:10:10","modified_gmt":"2025-02-14T03:10:10","slug":"inferiores-paso-la-4-fecha-y-ya-se-conocio-al-ganador-en-septima","status":"publish","type":"post","link":"https:\/\/cdnoticias.com\/index.php\/2024\/11\/24\/inferiores-paso-la-4-fecha-y-ya-se-conocio-al-ganador-en-septima\/","title":{"rendered":"Inferiores: pas\u00f3 la 4\u00b0 fecha y ya se conoci\u00f3 al ganador en S\u00e9ptima"},"content":{"rendered":"\n<div class=\"wp-block-group is-layout-constrained wp-block-group-is-layout-constrained\">\n<p>Con agenda repartida en tres d\u00edas, las seis tiras del f\u00fatbol menor completaron la pen\u00faltima jornada de la Copa de Oro y Plata.<!--more--><\/p>\n<hr \/>\n<p>Este \u00faltimo s\u00e1bado, las <strong>Divisiones Inferiores<\/strong> de nuestra ciudad le dieron cierre a la <strong>4\u00b0 fecha de la Copa de Oro y Plata<\/strong> que ya hab\u00eda tenido actividad entre jueves y viernes pasado.<\/p>\n<p>\u00a0<\/p>\n<p><strong>Ocho escenarios albergaron la triple jornada y, entre ambas competencias, hubo m\u00e1s de setenta goles convertidos.<\/strong><\/p>\n<p>\u00a0<\/p>\n<p><strong>En S\u00e9ptima Divisi\u00f3n, Embajadores gan\u00f3 su compromiso contra Loma Negra, le sac\u00f3 cinco puntos de diferencia a Estudiantes y se consolid\u00f3 como ganador de la Copa de Oro<\/strong>. Asimismo, al haber ganado tambi\u00e9n el Clausura, se asegur\u00f3 un lugar en la final anual contra Racing, el vencedor del Apertura.<\/p>\n<p>\u00a0<\/p>\n<p>Por otro lado, en la Copa de Plata,<strong> no hubo acci\u00f3n para Hinojo y Luj\u00e1n<\/strong> ya que no hubo coincidencias entre las categor\u00edas que compiten.<\/p>\n<p>\u00a0<\/p>\n\n<p>\u00a0<\/p>\n<ul>\n<li>\n<h6><strong>Resultados:<\/strong><\/h6>\n<\/li>\n<\/ul>\n<p>\u00a0<\/p>\n<h6 style=\"text-align: center;\"><strong>Copa de Oro<\/strong><\/h6>\n<p>\u00a0<\/p>\n<h6><strong>En D\u00e9cima<\/strong><\/h6>\n<p>Estudiantes <strong>2 \u2013 2<\/strong> El Fort\u00edn<\/p>\n<p>Racing <strong>4 \u2013 1<\/strong> Ferro<\/p>\n<p>Loma Negra <strong>0 \u2013 0<\/strong> Embajadores<\/p>\n<p>\u00a0<\/p>\n<h6><strong>En Novena<\/strong><\/h6>\n<p>Estudiantes <strong>2 \u2013 3<\/strong> El Fort\u00edn<\/p>\n<p>Racing <strong>3 \u2013 3<\/strong> Ferro<\/p>\n<p>Loma Negra <strong>1 \u2013 1<\/strong> Embajadores<\/p>\n<p>\u00a0<\/p>\n<h6><strong>En Octava<\/strong><\/h6>\n<p>Estudiantes <strong>1 \u2013 1<\/strong> El Fort\u00edn<\/p>\n<p>Racing <strong>0 \u2013 1<\/strong> Ferro<\/p>\n<p>Loma Negra <strong>0 \u2013 6<\/strong> Embajadores<\/p>\n<p>\u00a0<\/p>\n<h6><strong>En S\u00e9ptima<\/strong><\/h6>\n<p>Racing <strong>2 \u2013 1<\/strong> Ferro<\/p>\n<p>Embajadores <strong>4 \u2013 1<\/strong> Loma Negra<\/p>\n<p>Estudiantes <strong>2 \u2013 1<\/strong> El Fort\u00edn<\/p>\n<p>\u00a0<\/p>\n<h6><strong>En Sexta<\/strong><\/h6>\n<p>Racing <strong>1 \u2013 1<\/strong> Ferro<\/p>\n<p>Embajadores<strong> 2 \u2013 0<\/strong> Loma Negra<\/p>\n<p>Estudiantes <strong>0 \u2013 2<\/strong> El Fort\u00edn<\/p>\n<p>\u00a0<\/p>\n<h6><strong>En Quinta<\/strong><\/h6>\n<p>Racing <strong>1 \u2013 0<\/strong> Ferro<\/p>\n<p>Embajadores<strong> 3 \u2013 1<\/strong> Loma Negra<\/p>\n<p>Estudiantes <strong>0 \u2013 0<\/strong> El Fort\u00edn<\/p>\n<hr \/>\n<h6 style=\"text-align: center;\"><strong>Copa de Plata<\/strong><\/h6>\n<p>\u00a0<\/p>\n<h6><strong>En D\u00e9cima<\/strong><\/h6>\n<p>San Mart\u00edn <strong>3 \u2013 2<\/strong> Sierra Chica<\/p>\n<p>\u00a0<\/p>\n<h6><strong>En Novena<\/strong><\/h6>\n<p>Municipales <strong>2 \u2013 1<\/strong> Colonias y Cerros<\/p>\n<p>\u00a0<\/p>\n<h6><strong>En S\u00e9ptima<\/strong><\/h6>\n<p>San Mart\u00edn <strong>1 \u2013 2<\/strong> Sierra Chica<\/p>\n<p>Municipales <strong>4 \u2013 0<\/strong> Colonias y Cerros<\/p>\n<p>\u00a0<\/p>\n<h6><strong>En Quinta<\/strong><\/h6>\n<p>San Mart\u00edn <strong>1 \u2013 1<\/strong> Sierra Chica<\/p>\n<p>Municipales <strong>5 \u2013 2<\/strong> Colonias y Cerros<\/p>\n<p>\u00a0<\/p>\n<p><em><strong>Foto: Luciana Coronel \/\/ @lucoronelfotografias.<\/strong><\/em><\/p>\n<\/div>\n","protected":false},"excerpt":{"rendered":"<p>Con agenda repartida en tres d\u00edas, las seis tiras del f\u00fatbol menor completaron la pen\u00faltima jornada de la Copa de<\/p>\n","protected":false},"author":96739694,"featured_media":163807,"comment_status":"closed","ping_status":"closed","sticky":false,"template":"","format":"standard","meta":{"_jetpack_memberships_contains_paid_content":false,"footnotes":""},"categories":[35,40,1],"tags":[],"class_list":["post-140775","post","type-post","status-publish","format-standard","has-post-thumbnail","hentry","category-futbol","category-inferiores","category-portada"],"jetpack_featured_media_url":"https:\/\/i0.wp.com\/cdnoticias.com\/wp-content\/uploads\/2024\/11\/Inferiores-4%C2%B0-Fecha-Copa-de-Oro-2024.jpeg?fit=1000%2C666&ssl=1","jetpack_sharing_enabled":true,"_links":{"self":[{"href":"https:\/\/cdnoticias.com\/index.php\/wp-json\/wp\/v2\/posts\/140775","targetHints":{"allow":["GET"]}}],"collection":[{"href":"https:\/\/cdnoticias.com\/index.php\/wp-json\/wp\/v2\/posts"}],"about":[{"href":"https:\/\/cdnoticias.com\/index.php\/wp-json\/wp\/v2\/types\/post"}],"author":[{"embeddable":true,"href":"https:\/\/cdnoticias.com\/index.php\/wp-json\/wp\/v2\/users\/96739694"}],"replies":[{"embeddable":true,"href":"https:\/\/cdnoticias.com\/index.php\/wp-json\/wp\/v2\/comments?post=140775"}],"version-history":[{"count":0,"href":"https:\/\/cdnoticias.com\/index.php\/wp-json\/wp\/v2\/posts\/140775\/revisions"}],"wp:featuredmedia":[{"embeddable":true,"href":"https:\/\/cdnoticias.com\/index.php\/wp-json\/wp\/v2\/media\/163807"}],"wp:attachment":[{"href":"https:\/\/cdnoticias.com\/index.php\/wp-json\/wp\/v2\/media?parent=140775"}],"wp:term":[{"taxonomy":"category","embeddable":true,"href":"https:\/\/cdnoticias.com\/index.php\/wp-json\/wp\/v2\/categories?post=140775"},{"taxonomy":"post_tag","embeddable":true,"href":"https:\/\/cdnoticias.com\/index.php\/wp-json\/wp\/v2\/tags?post=140775"}],"curies":[{"name":"wp","href":"https:\/\/api.w.org\/{rel}","templated":true}]}}