{"id":140773,"date":"2024-11-24T10:59:04","date_gmt":"2024-11-24T13:59:04","guid":{"rendered":"https:\/\/centraldeportes.com.ar\/?p=57732"},"modified":"2025-02-14T00:10:12","modified_gmt":"2025-02-14T03:10:12","slug":"embajadores-se-hizo-fuerte-en-el-sintetico-y-derroto-a-balonpie","status":"publish","type":"post","link":"https:\/\/cdnoticias.com\/index.php\/2024\/11\/24\/embajadores-se-hizo-fuerte-en-el-sintetico-y-derroto-a-balonpie\/","title":{"rendered":"Embajadores se hizo fuerte en el sint\u00e9tico y derrot\u00f3 a Balonpi\u00e9"},"content":{"rendered":"<p>El CEO encontr\u00f3 las emociones en el segundo tiempo y se lo dio vuelta 2 a 1 al conjunto bolivarense para comenzar liderando la serie de octavos de final.<!--more--><\/p>\n<hr \/>\n<p>En la noche de este \u00faltimo s\u00e1bado, en el inicio de los Play-Offs del Torneo Regional Amateur,<strong> Embajadores super\u00f3 a Balonpi\u00e9 de Bol\u00edvar en el \u201cTete\u201d Di Carlo y se puso arriba en la serie<\/strong>.<\/p>\n<p>&nbsp;<\/p>\n<p><img data-recalc-dims=\"1\" loading=\"lazy\" decoding=\"async\" class=\"aligncenter size-full wp-image-57733\" src=\"https:\/\/i0.wp.com\/cdnoticias.com\/wp-content\/uploads\/2024\/11\/TRFA-8avos-Ida-CEO-vs-Balonpie1-e1732456677292.jpeg?resize=800%2C476&#038;ssl=1\" alt=\"\" width=\"800\" height=\"476\" \/><\/p>\n<p>&nbsp;<\/p>\n<p><strong>Por la ida de los octavos de final de la Regi\u00f3n Pampeana Sur, el CEO revirti\u00f3 las acciones en el segundo tiempo y se impuso 2 a 1 ante los dirigidos por Maxwell.<\/strong><\/p>\n<p>&nbsp;<\/p>\n<p>Durante la primera media hora de juego,<strong> Andy Angerami<\/strong> puso en ventaja al conjunto bolivarense en el sint\u00e9tico. En el segundo tiempo, <strong>Mat\u00edas Da Rosa<\/strong> a los 5\u2019 y <strong>Juan Cruz Areco<\/strong>, con un golazo de media distancia a los 27\u2019, sentenciaron el triunfo para el elenco de la avenida Avellaneda.<\/p>\n<p>&nbsp;<\/p>\n<p><img data-recalc-dims=\"1\" loading=\"lazy\" decoding=\"async\" class=\"aligncenter size-full wp-image-57734\" src=\"https:\/\/i0.wp.com\/cdnoticias.com\/wp-content\/uploads\/2024\/11\/TRFA-8avos-Ida-CEO-vs-Balonpie2-e1732456655946.jpeg?resize=800%2C472&#038;ssl=1\" alt=\"\" width=\"800\" height=\"472\" \/><\/p>\n<p>&nbsp;<\/p>\n<p>Con la m\u00ednima ventaja, los de Valderrey afrontar\u00e1n el pr\u00f3ximo fin de semana el duelo revancha en la vecina ciudad a jugarse (posiblemente) en el Estadio de Alem.<\/p>\n<p>&nbsp;<\/p>\n<p><strong>S\u00edntesis Embajadores \u2013 Balonpi\u00e9 (Bol\u00edvar):<\/strong><\/p>\n<p><strong>Embajadores (2): <\/strong>Gonzalo Rizzi; Bruno Di Bello, Franco Irusta, Federico Sacher, Nahuel Moro; Alexander Rubio (S. Vecchio), Juan Cruz Areco, Emilio Scipioni, Juan Manuel \u00c1lvarez; Santino Sacchi y Mat\u00edas Da Rosa (L. Rojas). DT: Marcos Valderrey.<\/p>\n<p><strong>Balonpi\u00e9 (1):<\/strong> Ferm\u00edn L\u00f3pez; Lucas Borda (T. Campitelli), Mirko Marmouget, Blas Aguilar (F. Dezego), Santiago Hern\u00e1ndez; Andy Angerami, Tom\u00e1s Klemenco (A. Kunz), Gianni Riccioppo (A. Panaro), Pedro Galv\u00e1n; Felipe S\u00e1nchez (S. Amoroso) y Facundo Iriarte. DT: Jos\u00e9 Maxwell.<\/p>\n<p><strong>Goles:<\/strong> 31min PT Andy Angerami (B); 5min ST Mat\u00edas Da Rosa (CEO) y 27min ST Juan Cruz Areco (CEO).<\/p>\n<p><strong>Amonestados:<\/strong> Da Rosa (Embajadores); Hern\u00e1ndez y Panaro (Balonpi\u00e9).<\/p>\n<p><strong>Expulsados:<\/strong> No hubo.<\/p>\n<p><strong>\u00c1rbitro:<\/strong> Lautaro Paletta (Tandil). <strong>Estadio:<\/strong> Clemente \u201cTete\u201d Di Carlo.<\/p>\n<p>&nbsp;<\/p>\n<p><em><strong>Fotos: Luciana Coronel \/\/ @lucoronelfotografias.<\/strong><\/em><\/p>\n","protected":false},"excerpt":{"rendered":"<p>El CEO encontr\u00f3 las emociones en el segundo tiempo y se lo dio vuelta 2 a 1 al conjunto bolivarense<\/p>\n","protected":false},"author":96739694,"featured_media":163813,"comment_status":"closed","ping_status":"closed","sticky":false,"template":"","format":"standard","meta":{"_jetpack_memberships_contains_paid_content":false,"footnotes":""},"categories":[35,1,54],"tags":[],"class_list":["post-140773","post","type-post","status-publish","format-standard","has-post-thumbnail","hentry","category-futbol","category-portada","category-torneo-regional-amateur"],"jetpack_featured_media_url":"https:\/\/i0.wp.com\/cdnoticias.com\/wp-content\/uploads\/2024\/11\/TRFA-8avos-Ida-CEO-vs-Balonpie-e1732456638124.jpeg?fit=1000%2C598&ssl=1","jetpack_sharing_enabled":true,"_links":{"self":[{"href":"https:\/\/cdnoticias.com\/index.php\/wp-json\/wp\/v2\/posts\/140773","targetHints":{"allow":["GET"]}}],"collection":[{"href":"https:\/\/cdnoticias.com\/index.php\/wp-json\/wp\/v2\/posts"}],"about":[{"href":"https:\/\/cdnoticias.com\/index.php\/wp-json\/wp\/v2\/types\/post"}],"author":[{"embeddable":true,"href":"https:\/\/cdnoticias.com\/index.php\/wp-json\/wp\/v2\/users\/96739694"}],"replies":[{"embeddable":true,"href":"https:\/\/cdnoticias.com\/index.php\/wp-json\/wp\/v2\/comments?post=140773"}],"version-history":[{"count":0,"href":"https:\/\/cdnoticias.com\/index.php\/wp-json\/wp\/v2\/posts\/140773\/revisions"}],"wp:featuredmedia":[{"embeddable":true,"href":"https:\/\/cdnoticias.com\/index.php\/wp-json\/wp\/v2\/media\/163813"}],"wp:attachment":[{"href":"https:\/\/cdnoticias.com\/index.php\/wp-json\/wp\/v2\/media?parent=140773"}],"wp:term":[{"taxonomy":"category","embeddable":true,"href":"https:\/\/cdnoticias.com\/index.php\/wp-json\/wp\/v2\/categories?post=140773"},{"taxonomy":"post_tag","embeddable":true,"href":"https:\/\/cdnoticias.com\/index.php\/wp-json\/wp\/v2\/tags?post=140773"}],"curies":[{"name":"wp","href":"https:\/\/api.w.org\/{rel}","templated":true}]}}