{"id":140761,"date":"2024-11-19T20:04:45","date_gmt":"2024-11-19T23:04:45","guid":{"rendered":"https:\/\/centraldeportes.com.ar\/?p=57679"},"modified":"2025-02-14T00:09:04","modified_gmt":"2025-02-14T03:09:04","slug":"racing-grito-campeon-del-fatiga-russo-en-la-division-reserva","status":"publish","type":"post","link":"https:\/\/cdnoticias.com\/index.php\/2024\/11\/19\/racing-grito-campeon-del-fatiga-russo-en-la-division-reserva\/","title":{"rendered":"Racing grit\u00f3 campe\u00f3n del \u201cFatiga\u201d Russo en la Divisi\u00f3n Reserva"},"content":{"rendered":"<p>El \u201cChaira\u201d igual\u00f3 de manera ag\u00f3nica 2 a 2 frente a Embajadores, pero le bast\u00f3 con la m\u00ednima ventaja de la ida para volver a coronarse en la categor\u00eda. Adem\u00e1s, en Inferiores, se complet\u00f3 la 3\u00b0 fecha de la Copa de Oro.<!--more--><\/p>\n<hr \/>\n<p>En la tarde del pasado lunes, <strong>Racing super\u00f3 en la serie final a Embajadores y se consagr\u00f3 campe\u00f3n del Torneo \u201cFatiga\u201d Russo en la Divisi\u00f3n Reserva<\/strong>.<\/p>\n<p>&nbsp;<\/p>\n<p>Por el duelo revancha de la definici\u00f3n, el \u201cChaira\u201d lo empat\u00f3 <strong>2 a 2<\/strong> en la \u00faltima pelota del partido y le bast\u00f3 con el triunfo de la ida para cerrar la serie<strong> 3 \u2013 2<\/strong> y quedarse, una vez m\u00e1s, con el t\u00edtulo de la categor\u00eda.<\/p>\n<p>&nbsp;<\/p>\n<p>[soliloquy id=&#8221;57656&#8243;]<\/p>\n<p>&nbsp;<\/p>\n<p>El CEO comenz\u00f3 ganando el partido con gol de <strong>Ramiro Di Lorenzo<\/strong> y luego <strong>Nino Vargas<\/strong> ampli\u00f3 la diferencia. No obstante, <strong>Mateo Pino<\/strong>, el goleador de la divisional, descont\u00f3 para \u201cLa Estrellita\u201d y m\u00e1s tarde, en la agon\u00eda del encuentro, <strong>Dami\u00e1n Dolezor<\/strong> estableci\u00f3 el empate definitivo.<\/p>\n<p>&nbsp;<\/p>\n<p><strong>Racing, de esta forma, se consolid\u00f3 como el mejor equipo del a\u00f1o con el Bicampeonato<\/strong>. Cabe recordar que, en el primer semestre, se hizo de la corona ante el mismo rival.<\/p>\n<hr \/>\n<ul>\n<li>\n<h6><strong>Divisiones Inferiores<\/strong><\/h6>\n<\/li>\n<\/ul>\n<p>&nbsp;<\/p>\n<p>Tambi\u00e9n este \u00faltimo lunes en el Ricardo S\u00e1nchez, <strong>El Fort\u00edn y Racing<\/strong> se enfrentaron en las <a href=\"https:\/\/cdnoticias.com\/divisiones-inferiores-se-jugo-gran-parte-de-la-3-fecha-en-la-copa-de-oro\/\">tres tiras que adeudaban<\/a> y completaron la <strong>3\u00b0 fecha de la Copa de Oro<\/strong>.<\/p>\n<p>&nbsp;<\/p>\n<ul>\n<li>\n<h6><strong>Los resultados:<\/strong><\/h6>\n<\/li>\n<\/ul>\n<p>&nbsp;<\/p>\n<h6><strong>En D\u00e9cima<\/strong><\/h6>\n<p>El Fort\u00edn <strong>5 \u2013 2<\/strong> Racing<\/p>\n<p>&nbsp;<\/p>\n<h6><strong>En Octava<\/strong><\/h6>\n<p>El Fort\u00edn <strong>3 \u2013 1<\/strong> Racing<\/p>\n<p>&nbsp;<\/p>\n<h6><strong>En S\u00e9ptima<\/strong><\/h6>\n<p>El Fort\u00edn <strong>2 \u2013 2<\/strong> Racing<\/p>\n","protected":false},"excerpt":{"rendered":"<p>El \u201cChaira\u201d igual\u00f3 de manera ag\u00f3nica 2 a 2 frente a Embajadores, pero le bast\u00f3 con la m\u00ednima ventaja de<\/p>\n","protected":false},"author":96739694,"featured_media":163731,"comment_status":"closed","ping_status":"closed","sticky":false,"template":"","format":"standard","meta":{"_jetpack_memberships_contains_paid_content":false,"footnotes":""},"categories":[35,40,1,41],"tags":[],"class_list":["post-140761","post","type-post","status-publish","format-standard","has-post-thumbnail","hentry","category-futbol","category-inferiores","category-portada","category-primera-y-reserva"],"jetpack_featured_media_url":"https:\/\/i0.wp.com\/cdnoticias.com\/wp-content\/uploads\/2024\/11\/reserva-lfo-9.jpg?fit=1280%2C853&ssl=1","jetpack_sharing_enabled":true,"_links":{"self":[{"href":"https:\/\/cdnoticias.com\/index.php\/wp-json\/wp\/v2\/posts\/140761","targetHints":{"allow":["GET"]}}],"collection":[{"href":"https:\/\/cdnoticias.com\/index.php\/wp-json\/wp\/v2\/posts"}],"about":[{"href":"https:\/\/cdnoticias.com\/index.php\/wp-json\/wp\/v2\/types\/post"}],"author":[{"embeddable":true,"href":"https:\/\/cdnoticias.com\/index.php\/wp-json\/wp\/v2\/users\/96739694"}],"replies":[{"embeddable":true,"href":"https:\/\/cdnoticias.com\/index.php\/wp-json\/wp\/v2\/comments?post=140761"}],"version-history":[{"count":0,"href":"https:\/\/cdnoticias.com\/index.php\/wp-json\/wp\/v2\/posts\/140761\/revisions"}],"wp:featuredmedia":[{"embeddable":true,"href":"https:\/\/cdnoticias.com\/index.php\/wp-json\/wp\/v2\/media\/163731"}],"wp:attachment":[{"href":"https:\/\/cdnoticias.com\/index.php\/wp-json\/wp\/v2\/media?parent=140761"}],"wp:term":[{"taxonomy":"category","embeddable":true,"href":"https:\/\/cdnoticias.com\/index.php\/wp-json\/wp\/v2\/categories?post=140761"},{"taxonomy":"post_tag","embeddable":true,"href":"https:\/\/cdnoticias.com\/index.php\/wp-json\/wp\/v2\/tags?post=140761"}],"curies":[{"name":"wp","href":"https:\/\/api.w.org\/{rel}","templated":true}]}}