{"id":140760,"date":"2024-11-19T20:04:43","date_gmt":"2024-11-19T23:04:43","guid":{"rendered":"https:\/\/centraldeportes.com.ar\/?p=57678"},"modified":"2025-02-14T00:09:06","modified_gmt":"2025-02-14T03:09:06","slug":"la-tandilia-landaburu-fue-el-mejor-pero-hubo-mas","status":"publish","type":"post","link":"https:\/\/cdnoticias.com\/index.php\/2024\/11\/19\/la-tandilia-landaburu-fue-el-mejor-pero-hubo-mas\/","title":{"rendered":"\u201cLa Tandilia\u201d: Landaburu fue el mejor, pero hubo m\u00e1s"},"content":{"rendered":"<p>El pasado s\u00e1bado se llev\u00f3 a cabo una nueva edici\u00f3n del tradicional \u201cLa Tandilia\u201d y entre los miles de atletas que dijeron presentes, hubo importante cantidad de representantes locales. Leonardo Landaburu fue el mejor.<!--more--><\/p>\n<hr \/>\n<p>M\u00e1s de 2500 atletas corrieron la 51\u00b0 edici\u00f3n de \u201cLa Tandilia\u201d, la carrera m\u00e1s emblem\u00e1tica de Tandil y representantes olavarrienses dijeron presentes con buen suceso.<\/p>\n<p>&nbsp;<\/p>\n<p>El mejor de los locales fue Leonardo Landaburu que se ubic\u00f3 7\u00b0 en la general y gan\u00f3 su categor\u00eda, pero tambi\u00e9n hubo festejos en la modalidad de postas donde los integrantes del Grupo Correcaminos se alzaron con la victoria.<\/p>\n<p>&nbsp;<\/p>\n<p>Landaburu necesit\u00f3 de 32:50 para completar el recorrido dispuesto para la ocasi\u00f3n y la posta compuesta por Jerem\u00edas Peralta, Alfredo Ardiles y Salvador e Iv\u00e1n Silvero fue ganadora con 37:23.<\/p>\n<p>&nbsp;<\/p>\n\n<p>&nbsp;<\/p>\n<p>La prueba que tuvo largada en el ic\u00f3nico Cerro Movediza y llegada en el Polideportivo Municipal, consagr\u00f3 a Miguel \u00c1ngel Guerra con un tiempo de 35:04 para completar los 11.111 metros de recorrido y en Damas la victoria fue para Luj\u00e1n Urrutia con 42:12.<\/p>\n<p>&nbsp;<\/p>\n<p>La actuaci\u00f3n local:<\/p>\n<p>Damas:<br \/>\n29\u00b0 Mercedes Lorenzo<br \/>\n108\u00b0 Marina Luj\u00e1n Arias<br \/>\n176\u00b0 Laura Vanesa Astiz<br \/>\n260\u00b0 Gabriela lzarriaga<br \/>\n272\u00b0 Silvia Colo<br \/>\n331\u00b0 Marcela Belgrano<br \/>\n366\u00b0 Fabiana lba\u00f1ez<br \/>\n597\u00b0 Fanny Rizzonelli<\/p>\n<p>&nbsp;<\/p>\n<p>Caballeros:<br \/>\n7\u00b0 Leonardo Landaburu con 36:50<br \/>\n95\u00b0 \u00c1ngel Galli<br \/>\n190\u00b0 Carlos Aranda<br \/>\n254\u00b0 Braian Viera<br \/>\n271\u00b0 Federico Sotuyo<br \/>\n285\u00b0 Jos\u00e9 Luis Vega<br \/>\n320\u00b0 Carlos Teixeira Moreira<br \/>\n326\u00b0 Sebasti\u00e1n Zuasnabar<br \/>\n415\u00b0 Pablo Garay<br \/>\n423\u00b0 Cristian Eguren<br \/>\n548\u00b0 Luis Arias<br \/>\n579\u00b0 Luis Salom\u00f3n<br \/>\n703\u00b0 \u00c1ngel Suanno<br \/>\n704\u00b0 Miguel Manzanos<br \/>\n710\u00b0 Lucas Corbeira<br \/>\n915\u00b0 Rodrigo Canovi<br \/>\n930\u00b0 H\u00e9ctor Grunewald. Segundo en su categor\u00eda<br \/>\n944\u00b0 Fabio Di Giacomo<\/p>\n<p>&nbsp;<\/p>\n<p>Postas:<\/p>\n<p>Caballeros:<br \/>\n1\u00b0 Correcaminos \u201c1\u201d con 37:23<br \/>\n3\u00b0 Correcaminos \u201c2\u201d<\/p>\n<p>Ejercito Caballeros:<br \/>\n1\u00b0 Guarnici\u00f3n Ejercito Olavarr\u00eda con 42:32<\/p>\n","protected":false},"excerpt":{"rendered":"<p>El pasado s\u00e1bado se llev\u00f3 a cabo una nueva edici\u00f3n del tradicional \u201cLa Tandilia\u201d y entre los miles de atletas<\/p>\n","protected":false},"author":96739694,"featured_media":163733,"comment_status":"closed","ping_status":"closed","sticky":false,"template":"","format":"standard","meta":{"_jetpack_memberships_contains_paid_content":false,"footnotes":""},"categories":[38,1],"tags":[],"class_list":["post-140760","post","type-post","status-publish","format-standard","has-post-thumbnail","hentry","category-pedestrismo","category-portada"],"jetpack_featured_media_url":"https:\/\/i0.wp.com\/cdnoticias.com\/wp-content\/uploads\/2024\/11\/WhatsApp-Image-2024-11-18-at-12.04.41.jpeg?fit=1080%2C721&ssl=1","jetpack_sharing_enabled":true,"_links":{"self":[{"href":"https:\/\/cdnoticias.com\/index.php\/wp-json\/wp\/v2\/posts\/140760","targetHints":{"allow":["GET"]}}],"collection":[{"href":"https:\/\/cdnoticias.com\/index.php\/wp-json\/wp\/v2\/posts"}],"about":[{"href":"https:\/\/cdnoticias.com\/index.php\/wp-json\/wp\/v2\/types\/post"}],"author":[{"embeddable":true,"href":"https:\/\/cdnoticias.com\/index.php\/wp-json\/wp\/v2\/users\/96739694"}],"replies":[{"embeddable":true,"href":"https:\/\/cdnoticias.com\/index.php\/wp-json\/wp\/v2\/comments?post=140760"}],"version-history":[{"count":0,"href":"https:\/\/cdnoticias.com\/index.php\/wp-json\/wp\/v2\/posts\/140760\/revisions"}],"wp:featuredmedia":[{"embeddable":true,"href":"https:\/\/cdnoticias.com\/index.php\/wp-json\/wp\/v2\/media\/163733"}],"wp:attachment":[{"href":"https:\/\/cdnoticias.com\/index.php\/wp-json\/wp\/v2\/media?parent=140760"}],"wp:term":[{"taxonomy":"category","embeddable":true,"href":"https:\/\/cdnoticias.com\/index.php\/wp-json\/wp\/v2\/categories?post=140760"},{"taxonomy":"post_tag","embeddable":true,"href":"https:\/\/cdnoticias.com\/index.php\/wp-json\/wp\/v2\/tags?post=140760"}],"curies":[{"name":"wp","href":"https:\/\/api.w.org\/{rel}","templated":true}]}}