{"id":140732,"date":"2024-11-16T07:43:12","date_gmt":"2024-11-16T10:43:12","guid":{"rendered":"https:\/\/centraldeportes.com.ar\/?p=57472"},"modified":"2025-02-14T00:08:13","modified_gmt":"2025-02-14T03:08:13","slug":"olavarria-empato-y-es-lider-pero-debera-esperar","status":"publish","type":"post","link":"https:\/\/cdnoticias.com\/index.php\/2024\/11\/16\/olavarria-empato-y-es-lider-pero-debera-esperar\/","title":{"rendered":"Olavarr\u00eda empat\u00f3 y es l\u00edder, pero deber\u00e1 esperar"},"content":{"rendered":"\n<div class=\"wp-block-group is-layout-constrained wp-block-group-is-layout-constrained\">\n<p>En cancha de Loma Negra, el seleccionado femenino igual\u00f3 2 a 2 con Jun\u00edn por la 5\u00b0 fecha del Torneo provincial.<!--more--><\/p>\n<hr \/>\n<p>El pasado jueves, en el reducto de Villa Alfredo Fortabat, la<strong> Selecci\u00f3n Femenina de Olavarr\u00eda<\/strong> qued\u00f3 a mano con <strong>Jun\u00edn<\/strong> y finaliz\u00f3 su participaci\u00f3n en la Zona 1 del Torneo Provincial de Selecciones.<\/p>\n<p>\u00a0<\/p>\n<p><strong>Fue 2 a 2 el marcador final<\/strong> por la 5\u00b0 fecha del certamen. <strong>Mar\u00eda Bel\u00e9n Boyer<\/strong> y <strong>Gisela Herrero<\/strong> convirtieron los gritos en el conjunto olavarriense, mientras que <strong>Soledad G\u00f3mez<\/strong> y <strong>Milagros Moreno<\/strong> hicieron lo propio en el representativo de la Liga del Oeste.<\/p>\n<p>\u00a0<\/p>\n<p><img data-recalc-dims=\"1\" loading=\"lazy\" decoding=\"async\" class=\"aligncenter size-full wp-image-57473\" src=\"https:\/\/i0.wp.com\/cdnoticias.com\/wp-content\/uploads\/2024\/11\/TNS-Fem-5%C2%B0-Fecha-Olavarria-vs-Junin1.jpeg?resize=800%2C533&#038;ssl=1\" alt=\"\" width=\"800\" height=\"533\" \/><\/p>\n<p>\u00a0<\/p>\n<p><strong>Con el punto obtenido, las dirigidas por Carlos Montiel alcanzaron los 5 puntos y son l\u00edderes de grupo, pero ya no dependen de s\u00ed mismas para la clasificaci\u00f3n.<\/strong><\/p>\n<p>\u00a0<\/p>\n<p>Es que, en la \u00faltima fecha, Jun\u00edn recibir\u00e1 en su casa a La Plata para darle cierre a la Zona.<\/p>\n<hr \/>\n<p><img data-recalc-dims=\"1\" loading=\"lazy\" decoding=\"async\" class=\"aligncenter size-full wp-image-57476\" src=\"https:\/\/i0.wp.com\/cdnoticias.com\/wp-content\/uploads\/2024\/11\/TNS-Fem-Posiciones-Fecha-5.png?resize=792%2C200&#038;ssl=1\" alt=\"\" width=\"792\" height=\"200\" \/><\/p>\n<hr \/>\n<p><em><strong>Fotos: Jun\u00edn 24 F\u00fatbol Femenino.<\/strong><\/em><\/p>\n<\/div>\n","protected":false},"excerpt":{"rendered":"<p>En cancha de Loma Negra, el seleccionado femenino igual\u00f3 2 a 2 con Jun\u00edn por la 5\u00b0 fecha del Torneo<\/p>\n","protected":false},"author":96739694,"featured_media":163684,"comment_status":"closed","ping_status":"closed","sticky":false,"template":"","format":"standard","meta":{"_jetpack_memberships_contains_paid_content":false,"footnotes":""},"categories":[47,35,1],"tags":[],"class_list":["post-140732","post","type-post","status-publish","format-standard","has-post-thumbnail","hentry","category-femenino","category-futbol","category-portada"],"jetpack_featured_media_url":"https:\/\/i0.wp.com\/cdnoticias.com\/wp-content\/uploads\/2024\/11\/TNS-Fem-5%C2%B0-Fecha-Olavarria-vs-Junin-e1731753780860.jpeg?fit=1000%2C630&ssl=1","jetpack_sharing_enabled":true,"_links":{"self":[{"href":"https:\/\/cdnoticias.com\/index.php\/wp-json\/wp\/v2\/posts\/140732","targetHints":{"allow":["GET"]}}],"collection":[{"href":"https:\/\/cdnoticias.com\/index.php\/wp-json\/wp\/v2\/posts"}],"about":[{"href":"https:\/\/cdnoticias.com\/index.php\/wp-json\/wp\/v2\/types\/post"}],"author":[{"embeddable":true,"href":"https:\/\/cdnoticias.com\/index.php\/wp-json\/wp\/v2\/users\/96739694"}],"replies":[{"embeddable":true,"href":"https:\/\/cdnoticias.com\/index.php\/wp-json\/wp\/v2\/comments?post=140732"}],"version-history":[{"count":0,"href":"https:\/\/cdnoticias.com\/index.php\/wp-json\/wp\/v2\/posts\/140732\/revisions"}],"wp:featuredmedia":[{"embeddable":true,"href":"https:\/\/cdnoticias.com\/index.php\/wp-json\/wp\/v2\/media\/163684"}],"wp:attachment":[{"href":"https:\/\/cdnoticias.com\/index.php\/wp-json\/wp\/v2\/media?parent=140732"}],"wp:term":[{"taxonomy":"category","embeddable":true,"href":"https:\/\/cdnoticias.com\/index.php\/wp-json\/wp\/v2\/categories?post=140732"},{"taxonomy":"post_tag","embeddable":true,"href":"https:\/\/cdnoticias.com\/index.php\/wp-json\/wp\/v2\/tags?post=140732"}],"curies":[{"name":"wp","href":"https:\/\/api.w.org\/{rel}","templated":true}]}}