{"id":140716,"date":"2024-11-12T22:01:55","date_gmt":"2024-11-13T01:01:55","guid":{"rendered":"https:\/\/centraldeportes.com.ar\/?p=57386"},"modified":"2025-02-14T00:08:34","modified_gmt":"2025-02-14T03:08:34","slug":"los-42k-de-villa-la-angostura-fueron-un-exito-con-presencia-local","status":"publish","type":"post","link":"https:\/\/cdnoticias.com\/index.php\/2024\/11\/12\/los-42k-de-villa-la-angostura-fueron-un-exito-con-presencia-local\/","title":{"rendered":"Los 42K de Villa La Angostura fueron un \u00e9xito con presencia local"},"content":{"rendered":"<p>La 21\u00b0 edici\u00f3n del K42 Adventure Marathon, que este a\u00f1o sirve tambi\u00e9n como sede del Campeonato Sudamericano de Trail y Monta\u00f1a fue todo un \u00e9xito y atletas de Olavarr\u00eda lograron destacadas actuaciones.<\/p>\n<p><!--more--><\/p>\n<hr \/>\n<p>El circuito de la carrera a pie de monta\u00f1a contempl\u00f3 las distancias de K15, K42 (individual y postas), KFuture, Grand K y KKid estuvo bajo la organizaci\u00f3n de Patagonia Eventos y fue con atletas de varios de los grupos running de Olavarr\u00eda.<\/p>\n<p>&nbsp;<\/p>\n<p>La mejor actuaci\u00f3n local fue la de Alfredo Ardiles en KFuture ya que fue el mejor argentino con el segundo puesto en la general, s\u00f3lo por detr\u00e1s del ecuatoriano Jos\u00e9 Carri\u00f3n.<\/p>\n<p>&nbsp;<\/p>\n<div class=\"tiled-gallery type-rectangular tiled-gallery-unresized\" data-original-width=\"800\" data-carousel-extra='null' itemscope itemtype=\"http:\/\/schema.org\/ImageGallery\" > <div class=\"gallery-row\" style=\"width: 800px; height: 268px;\" data-original-width=\"800\" data-original-height=\"268\" > <div class=\"gallery-group images-1\" style=\"width: 400px; height: 268px;\" data-original-width=\"400\" data-original-height=\"268\" > <div class=\"tiled-gallery-item tiled-gallery-item-large\" itemprop=\"associatedMedia\" itemscope itemtype=\"http:\/\/schema.org\/ImageObject\"> <a href=\"https:\/\/i0.wp.com\/cdnoticias.com\/wp-content\/uploads\/2022\/06\/Cultura-El-Medium-2.jpg?ssl=1\" border=\"0\" itemprop=\"url\"> <meta itemprop=\"width\" content=\"396\"> <meta itemprop=\"height\" content=\"264\"> <img decoding=\"async\" class=\"\" data-attachment-id=\"57387\" data-orig-file=\"https:\/\/cdnoticias.com\/wp-content\/uploads\/2022\/06\/Cultura-El-Medium-2.jpg\" data-orig-size=\"1772,1181\" data-comments-opened=\"\" data-image-meta=\"{&quot;aperture&quot;:&quot;0&quot;,&quot;credit&quot;:&quot;&quot;,&quot;camera&quot;:&quot;&quot;,&quot;caption&quot;:&quot;&quot;,&quot;created_timestamp&quot;:&quot;0&quot;,&quot;copyright&quot;:&quot;&quot;,&quot;focal_length&quot;:&quot;0&quot;,&quot;iso&quot;:&quot;0&quot;,&quot;shutter_speed&quot;:&quot;0&quot;,&quot;title&quot;:&quot;&quot;,&quot;orientation&quot;:&quot;1&quot;}\" data-image-title=\"Cultura-El-Medium-2\" data-image-description=\"\" data-medium-file=\"https:\/\/i0.wp.com\/cdnoticias.com\/wp-content\/uploads\/2022\/06\/Cultura-El-Medium-2.jpg?fit=300%2C200&#038;ssl=1\" data-large-file=\"https:\/\/i0.wp.com\/cdnoticias.com\/wp-content\/uploads\/2022\/06\/Cultura-El-Medium-2.jpg?fit=800%2C533&#038;ssl=1\" src=\"https:\/\/i0.wp.com\/cdnoticias.com\/wp-content\/uploads\/2022\/06\/Cultura-El-Medium-2.jpg?w=396&#038;h=264&#038;ssl=1\" srcset=\"https:\/\/i0.wp.com\/cdnoticias.com\/wp-content\/uploads\/2022\/06\/Cultura-El-Medium-2.jpg?w=1772&amp;ssl=1 1772w, https:\/\/i0.wp.com\/cdnoticias.com\/wp-content\/uploads\/2022\/06\/Cultura-El-Medium-2.jpg?resize=300%2C200&amp;ssl=1 300w, https:\/\/i0.wp.com\/cdnoticias.com\/wp-content\/uploads\/2022\/06\/Cultura-El-Medium-2.jpg?resize=1024%2C682&amp;ssl=1 1024w, https:\/\/i0.wp.com\/cdnoticias.com\/wp-content\/uploads\/2022\/06\/Cultura-El-Medium-2.jpg?resize=768%2C512&amp;ssl=1 768w, https:\/\/i0.wp.com\/cdnoticias.com\/wp-content\/uploads\/2022\/06\/Cultura-El-Medium-2.jpg?resize=1536%2C1024&amp;ssl=1 1536w, https:\/\/i0.wp.com\/cdnoticias.com\/wp-content\/uploads\/2022\/06\/Cultura-El-Medium-2.jpg?resize=272%2C182&amp;ssl=1 272w, https:\/\/i0.wp.com\/cdnoticias.com\/wp-content\/uploads\/2022\/06\/Cultura-El-Medium-2.jpg?w=1600&amp;ssl=1 1600w\" width=\"396\" height=\"264\" loading=\"lazy\" data-original-width=\"396\" data-original-height=\"264\" itemprop=\"http:\/\/schema.org\/image\" title=\"Cultura-El-Medium-2\" alt=\"Cultura-El-Medium-2\" style=\"width: 396px; height: 264px;\" \/> <\/a> <\/div> <\/div> <!-- close group --> <div class=\"gallery-group images-1\" style=\"width: 400px; height: 268px;\" data-original-width=\"400\" data-original-height=\"268\" > <div class=\"tiled-gallery-item tiled-gallery-item-large\" itemprop=\"associatedMedia\" itemscope itemtype=\"http:\/\/schema.org\/ImageObject\"> <a href=\"https:\/\/i0.wp.com\/cdnoticias.com\/wp-content\/uploads\/2022\/06\/Cultura-El-Medium-1.jpg?ssl=1\" border=\"0\" itemprop=\"url\"> <meta itemprop=\"width\" content=\"396\"> <meta itemprop=\"height\" content=\"264\"> <img decoding=\"async\" class=\"\" data-attachment-id=\"57388\" data-orig-file=\"https:\/\/cdnoticias.com\/wp-content\/uploads\/2022\/06\/Cultura-El-Medium-1.jpg\" data-orig-size=\"1772,1181\" data-comments-opened=\"\" data-image-meta=\"{&quot;aperture&quot;:&quot;0&quot;,&quot;credit&quot;:&quot;&quot;,&quot;camera&quot;:&quot;&quot;,&quot;caption&quot;:&quot;&quot;,&quot;created_timestamp&quot;:&quot;0&quot;,&quot;copyright&quot;:&quot;&quot;,&quot;focal_length&quot;:&quot;0&quot;,&quot;iso&quot;:&quot;0&quot;,&quot;shutter_speed&quot;:&quot;0&quot;,&quot;title&quot;:&quot;&quot;,&quot;orientation&quot;:&quot;1&quot;}\" data-image-title=\"Cultura-El-Medium-1\" data-image-description=\"\" data-medium-file=\"https:\/\/i0.wp.com\/cdnoticias.com\/wp-content\/uploads\/2022\/06\/Cultura-El-Medium-1.jpg?fit=300%2C200&#038;ssl=1\" data-large-file=\"https:\/\/i0.wp.com\/cdnoticias.com\/wp-content\/uploads\/2022\/06\/Cultura-El-Medium-1.jpg?fit=800%2C533&#038;ssl=1\" src=\"https:\/\/i0.wp.com\/cdnoticias.com\/wp-content\/uploads\/2022\/06\/Cultura-El-Medium-1.jpg?w=396&#038;h=264&#038;ssl=1\" srcset=\"https:\/\/i0.wp.com\/cdnoticias.com\/wp-content\/uploads\/2022\/06\/Cultura-El-Medium-1.jpg?w=1772&amp;ssl=1 1772w, https:\/\/i0.wp.com\/cdnoticias.com\/wp-content\/uploads\/2022\/06\/Cultura-El-Medium-1.jpg?resize=300%2C200&amp;ssl=1 300w, https:\/\/i0.wp.com\/cdnoticias.com\/wp-content\/uploads\/2022\/06\/Cultura-El-Medium-1.jpg?resize=1024%2C682&amp;ssl=1 1024w, https:\/\/i0.wp.com\/cdnoticias.com\/wp-content\/uploads\/2022\/06\/Cultura-El-Medium-1.jpg?resize=768%2C512&amp;ssl=1 768w, https:\/\/i0.wp.com\/cdnoticias.com\/wp-content\/uploads\/2022\/06\/Cultura-El-Medium-1.jpg?resize=1536%2C1024&amp;ssl=1 1536w, https:\/\/i0.wp.com\/cdnoticias.com\/wp-content\/uploads\/2022\/06\/Cultura-El-Medium-1.jpg?resize=272%2C182&amp;ssl=1 272w, https:\/\/i0.wp.com\/cdnoticias.com\/wp-content\/uploads\/2022\/06\/Cultura-El-Medium-1.jpg?w=1600&amp;ssl=1 1600w\" width=\"396\" height=\"264\" loading=\"lazy\" data-original-width=\"396\" data-original-height=\"264\" itemprop=\"http:\/\/schema.org\/image\" title=\"Cultura-El-Medium-1\" alt=\"Cultura-El-Medium-1\" style=\"width: 396px; height: 264px;\" \/> <\/a> <\/div> <\/div> <!-- close group --> <\/div> <!-- close row --> <\/div>\n<p>&nbsp;<\/p>\n<p>Los resultados:<\/p>\n<p>&nbsp;<\/p>\n<p>KFuture<br \/>\n2\u00b0 Alfredo Ardiles con 34:09<\/p>\n<p>&nbsp;<\/p>\n<p>15K<\/p>\n<p>Caballeros:<br \/>\n29\u00b0 Eduardo Castro con 1:24:35. 2\u00b0 en su categor\u00eda<\/p>\n<p>Damas:<br \/>\n48\u00b0 Romina Montero<br \/>\n149\u00b0 Nora Cort\u00e9s<br \/>\n150\u00b0 Milagros Bouciguez<br \/>\n214\u00b0 Cecilia Rivas<br \/>\n299\u00b0 Mar\u00eda Costanzo<br \/>\n326\u00b0 Alejandra Pucheta<br \/>\n327\u00b0 Mar\u00eda Victoria Gonz\u00e1lez Hoffer<\/p>\n<p>&nbsp;<\/p>\n<p>42K<\/p>\n<p>Caballeros:<br \/>\n198\u00b0 Cristian Shedden<\/p>\n<p>Damas:<br \/>\n119\u00b0 Carolina Bustos<\/p>\n<p>&nbsp;<\/p>\n<p>Postas:<br \/>\n19\u00b0 Mariano Gioitta y Marcos Giangreco<br \/>\n13\u00b0 Daniela Menon &#8211; Yanina Urrutia<br \/>\n28\u00b0 Melina Escobedo &#8211; Eugenia N\u00fa\u00f1ez<br \/>\n31\u00b0 Eugenia Fern\u00e1ndez-Milagros Franco<br \/>\n15\u00b0 Marcela Lazarte \u2013 Jos\u00e9 Luis Ardiles<br \/>\n28\u00b0 Sebasti\u00e1n Erripa -Soledad Bianchi<\/p>\n","protected":false},"excerpt":{"rendered":"<p>La 21\u00b0 edici\u00f3n del K42 Adventure Marathon, que este a\u00f1o sirve tambi\u00e9n como sede del Campeonato Sudamericano de Trail y<\/p>\n","protected":false},"author":96739694,"featured_media":163720,"comment_status":"closed","ping_status":"closed","sticky":false,"template":"","format":"standard","meta":{"_jetpack_memberships_contains_paid_content":false,"footnotes":""},"categories":[38,1],"tags":[],"class_list":["post-140716","post","type-post","status-publish","format-standard","has-post-thumbnail","hentry","category-pedestrismo","category-portada"],"jetpack_featured_media_url":"https:\/\/i0.wp.com\/cdnoticias.com\/wp-content\/uploads\/2024\/11\/Villa-La-Angostura-2.jpg?fit=800%2C445&ssl=1","jetpack_sharing_enabled":true,"_links":{"self":[{"href":"https:\/\/cdnoticias.com\/index.php\/wp-json\/wp\/v2\/posts\/140716","targetHints":{"allow":["GET"]}}],"collection":[{"href":"https:\/\/cdnoticias.com\/index.php\/wp-json\/wp\/v2\/posts"}],"about":[{"href":"https:\/\/cdnoticias.com\/index.php\/wp-json\/wp\/v2\/types\/post"}],"author":[{"embeddable":true,"href":"https:\/\/cdnoticias.com\/index.php\/wp-json\/wp\/v2\/users\/96739694"}],"replies":[{"embeddable":true,"href":"https:\/\/cdnoticias.com\/index.php\/wp-json\/wp\/v2\/comments?post=140716"}],"version-history":[{"count":0,"href":"https:\/\/cdnoticias.com\/index.php\/wp-json\/wp\/v2\/posts\/140716\/revisions"}],"wp:featuredmedia":[{"embeddable":true,"href":"https:\/\/cdnoticias.com\/index.php\/wp-json\/wp\/v2\/media\/163720"}],"wp:attachment":[{"href":"https:\/\/cdnoticias.com\/index.php\/wp-json\/wp\/v2\/media?parent=140716"}],"wp:term":[{"taxonomy":"category","embeddable":true,"href":"https:\/\/cdnoticias.com\/index.php\/wp-json\/wp\/v2\/categories?post=140716"},{"taxonomy":"post_tag","embeddable":true,"href":"https:\/\/cdnoticias.com\/index.php\/wp-json\/wp\/v2\/tags?post=140716"}],"curies":[{"name":"wp","href":"https:\/\/api.w.org\/{rel}","templated":true}]}}