{"id":140696,"date":"2024-11-08T16:24:45","date_gmt":"2024-11-08T19:24:45","guid":{"rendered":"https:\/\/centraldeportes.com.ar\/?p=57224"},"modified":"2025-02-14T00:07:15","modified_gmt":"2025-02-14T03:07:15","slug":"empezaron-las-remadas-de-la-temporada-en-estudiantes","status":"publish","type":"post","link":"https:\/\/cdnoticias.com\/index.php\/2024\/11\/08\/empezaron-las-remadas-de-la-temporada-en-estudiantes\/","title":{"rendered":"Empezaron las remadas de la temporada en Estudiantes"},"content":{"rendered":"<p>Muy buena convocatoria tuvo la primera remada diurna de la temporada organizada por la Subcomisi\u00f3n de Remo y Canotaje del Club Estudiantes.<!--more--><\/p>\n<hr \/>\n<p>A pesar del clima ventoso, el pasado domingo, aproximadamente 25 personas se acercaron a realizar lo que fue la primera remada diurna de la temporada.<\/p>\n<p>&nbsp;<\/p>\n<p>La actividad cont\u00f3 con partida en el muelle \u201cAgust\u00edn Vernice\u201d y arribo a La Isla, y a la vuelta compartieron mates y torta fritas entre todos para charlar sobre la experiencia realizada. Muchas familias vivieron un domingo distinto de la mano de la Subcomisi\u00f3n de Canotaje de Estudiantes que comienza con estas actividades que se han convertido en un cl\u00e1sico y un verdadero \u00e9xito.<\/p>\n<p>&nbsp;<\/p>\n<p>Previamente entre las profesoras Brenda Medina y Juana Girasole los participantes tuvieron una charla t\u00e9cnica previa y adoptaron todas las medidas de seguridad para luego ser acompa\u00f1ados por ellas mismas.<\/p>\n","protected":false},"excerpt":{"rendered":"<p>Muy buena convocatoria tuvo la primera remada diurna de la temporada organizada por la Subcomisi\u00f3n de Remo y Canotaje del<\/p>\n","protected":false},"author":96739694,"featured_media":163653,"comment_status":"closed","ping_status":"closed","sticky":false,"template":"","format":"standard","meta":{"_jetpack_memberships_contains_paid_content":false,"footnotes":""},"categories":[30,1],"tags":[],"class_list":["post-140696","post","type-post","status-publish","format-standard","has-post-thumbnail","hentry","category-polideportivo","category-portada"],"jetpack_featured_media_url":"https:\/\/i0.wp.com\/cdnoticias.com\/wp-content\/uploads\/2024\/11\/465448997_1117935923670431_8168449417028213298_n-e1731093813467.jpg?fit=2048%2C1290&ssl=1","jetpack_sharing_enabled":true,"_links":{"self":[{"href":"https:\/\/cdnoticias.com\/index.php\/wp-json\/wp\/v2\/posts\/140696","targetHints":{"allow":["GET"]}}],"collection":[{"href":"https:\/\/cdnoticias.com\/index.php\/wp-json\/wp\/v2\/posts"}],"about":[{"href":"https:\/\/cdnoticias.com\/index.php\/wp-json\/wp\/v2\/types\/post"}],"author":[{"embeddable":true,"href":"https:\/\/cdnoticias.com\/index.php\/wp-json\/wp\/v2\/users\/96739694"}],"replies":[{"embeddable":true,"href":"https:\/\/cdnoticias.com\/index.php\/wp-json\/wp\/v2\/comments?post=140696"}],"version-history":[{"count":0,"href":"https:\/\/cdnoticias.com\/index.php\/wp-json\/wp\/v2\/posts\/140696\/revisions"}],"wp:featuredmedia":[{"embeddable":true,"href":"https:\/\/cdnoticias.com\/index.php\/wp-json\/wp\/v2\/media\/163653"}],"wp:attachment":[{"href":"https:\/\/cdnoticias.com\/index.php\/wp-json\/wp\/v2\/media?parent=140696"}],"wp:term":[{"taxonomy":"category","embeddable":true,"href":"https:\/\/cdnoticias.com\/index.php\/wp-json\/wp\/v2\/categories?post=140696"},{"taxonomy":"post_tag","embeddable":true,"href":"https:\/\/cdnoticias.com\/index.php\/wp-json\/wp\/v2\/tags?post=140696"}],"curies":[{"name":"wp","href":"https:\/\/api.w.org\/{rel}","templated":true}]}}