{"id":140690,"date":"2024-11-07T21:03:29","date_gmt":"2024-11-08T00:03:29","guid":{"rendered":"https:\/\/centraldeportes.com.ar\/?p=57176"},"modified":"2025-02-14T00:05:59","modified_gmt":"2025-02-14T03:05:59","slug":"olavarria-empato-con-la-plata-y-sigue-en-la-pelea-por-la-clasificacion","status":"publish","type":"post","link":"https:\/\/cdnoticias.com\/index.php\/2024\/11\/07\/olavarria-empato-con-la-plata-y-sigue-en-la-pelea-por-la-clasificacion\/","title":{"rendered":"Olavarr\u00eda empat\u00f3 con La Plata y sigue en la pelea por la clasificaci\u00f3n"},"content":{"rendered":"\n<div class=\"wp-block-group is-layout-constrained wp-block-group-is-layout-constrained\">\n<p>Fue por la 4\u00b0 fecha de la Zona 1 correspondiente al Torneo de Selecciones Femenino.<!--more--><\/p>\n<hr \/>\n<p>Tras cumplir fecha libre, el <strong>seleccionado femenino de Olavarr\u00eda<\/strong> regres\u00f3 a la acci\u00f3n en el <strong>Torneo de Selecciones<\/strong> y se trajo un valioso punto de la ciudad de las diagonales.<\/p>\n<p>\u00a0<\/p>\n<p><strong>El duelo disputado el pasado mi\u00e9rcoles en la cancha del Club ADIP finaliz\u00f3 1 a 1 y fue por la 4\u00b0 fecha de la Zona 1.<\/strong><\/p>\n<p>\u00a0<\/p>\n<p>Lo comenz\u00f3 ganando el conjunto platense con gol de <strong>Justina Piovoso<\/strong> y, minutos m\u00e1s tarde, <strong>Luz Attad\u00eda<\/strong> concret\u00f3 el empate para Olavarr\u00eda.<\/p>\n<p>\u00a0<\/p>\n<p>El once inicial que par\u00f3 Carlos Montiel fue con <strong>Nabila Rahhal; Milena Mart\u00edn, Brisa De Olaso, Agustina L\u00f3pez, Gisela Herrero; Daiana Leonardo, Mar\u00eda Bel\u00e9n Boyer, Melisa Lara, Sonia Tabares; Luz Attad\u00eda y Valeria Oron\u00e1<\/strong>.<\/p>\n<p>\u00a0<\/p>\n<p>La pr\u00f3xima semana, la Selecci\u00f3n Femenina recibir\u00e1 al representativo de Jun\u00edn y, en caso de ganar, asegurar\u00eda su clasificaci\u00f3n a los Play-Off provinciales.<\/p>\n<hr \/>\n<p><img data-recalc-dims=\"1\" loading=\"lazy\" decoding=\"async\" class=\"aligncenter size-full wp-image-57178\" src=\"https:\/\/i0.wp.com\/cdnoticias.com\/wp-content\/uploads\/2024\/11\/TNS-Fem-Posiciones-Fecha-4.png?resize=789%2C199&#038;ssl=1\" alt=\"\" width=\"789\" height=\"199\" \/><\/p>\n<hr \/>\n<p><em><strong>Foto: Departamento de F\u00fatbol Femenino (LFO).<\/strong><\/em><\/p>\n<\/div>\n","protected":false},"excerpt":{"rendered":"<p>Fue por la 4\u00b0 fecha de la Zona 1 correspondiente al Torneo de Selecciones Femenino. Fue por la 4\u00b0 fecha<\/p>\n","protected":false},"author":96739694,"featured_media":163538,"comment_status":"closed","ping_status":"closed","sticky":false,"template":"","format":"standard","meta":{"_jetpack_memberships_contains_paid_content":false,"footnotes":""},"categories":[47,35,1],"tags":[],"class_list":["post-140690","post","type-post","status-publish","format-standard","has-post-thumbnail","hentry","category-femenino","category-futbol","category-portada"],"jetpack_featured_media_url":"https:\/\/i0.wp.com\/cdnoticias.com\/wp-content\/uploads\/2024\/11\/TNS-4%C2%B0-Fecha-La-Plata-vs-Olavarria.jpeg?fit=1000%2C562&ssl=1","jetpack_sharing_enabled":true,"_links":{"self":[{"href":"https:\/\/cdnoticias.com\/index.php\/wp-json\/wp\/v2\/posts\/140690","targetHints":{"allow":["GET"]}}],"collection":[{"href":"https:\/\/cdnoticias.com\/index.php\/wp-json\/wp\/v2\/posts"}],"about":[{"href":"https:\/\/cdnoticias.com\/index.php\/wp-json\/wp\/v2\/types\/post"}],"author":[{"embeddable":true,"href":"https:\/\/cdnoticias.com\/index.php\/wp-json\/wp\/v2\/users\/96739694"}],"replies":[{"embeddable":true,"href":"https:\/\/cdnoticias.com\/index.php\/wp-json\/wp\/v2\/comments?post=140690"}],"version-history":[{"count":0,"href":"https:\/\/cdnoticias.com\/index.php\/wp-json\/wp\/v2\/posts\/140690\/revisions"}],"wp:featuredmedia":[{"embeddable":true,"href":"https:\/\/cdnoticias.com\/index.php\/wp-json\/wp\/v2\/media\/163538"}],"wp:attachment":[{"href":"https:\/\/cdnoticias.com\/index.php\/wp-json\/wp\/v2\/media?parent=140690"}],"wp:term":[{"taxonomy":"category","embeddable":true,"href":"https:\/\/cdnoticias.com\/index.php\/wp-json\/wp\/v2\/categories?post=140690"},{"taxonomy":"post_tag","embeddable":true,"href":"https:\/\/cdnoticias.com\/index.php\/wp-json\/wp\/v2\/tags?post=140690"}],"curies":[{"name":"wp","href":"https:\/\/api.w.org\/{rel}","templated":true}]}}