{"id":140688,"date":"2024-11-08T13:19:07","date_gmt":"2024-11-08T16:19:07","guid":{"rendered":"https:\/\/centraldeportes.com.ar\/?p=57169"},"modified":"2025-02-14T00:07:18","modified_gmt":"2025-02-14T03:07:18","slug":"liga-nacional-femenina-lula-juarez-debuto-en-nuevo-equipo","status":"publish","type":"post","link":"https:\/\/cdnoticias.com\/index.php\/2024\/11\/08\/liga-nacional-femenina-lula-juarez-debuto-en-nuevo-equipo\/","title":{"rendered":"Liga Nacional Femenina: &#8220;Lula&#8221; Ju\u00e1rez debut\u00f3 en nuevo equipo"},"content":{"rendered":"<p>Luc\u00eda Ju\u00e1rez tendr\u00e1 una nueva chance en la Liga Nacional Femenina y en las \u00faltimas horas fue confirmada como refuerzo de Tom\u00e1s de Rocamora.<!--more--><\/p>\n<hr \/>\n<p>Pensando en la continuidad de la Liga Femenina, Tom\u00e1s de Rocamora cerr\u00f3 en las \u00faltimas horas la incorporaci\u00f3n de la base Luc\u00eda Lula Ju\u00e1rez, quien viene de jugar en Juventud Las Piedras en la Liga Uruguaya de B\u00e1squetbol y donde termin\u00f3 consagr\u00e1ndose campeona.<\/p>\n<p>&nbsp;<\/p>\n<p>La jugadora nacida en Olavarr\u00eda hace 22 a\u00f1os y 1.62 de altura, ya disput\u00f3 la Liga Femenina defendiendo los colores de equipos como Quimsa de Santiago del Estero y Montmartre de Catamarca.<\/p>\n<p>&nbsp;<\/p>\n<p>En el pa\u00eds tambi\u00e9n jug\u00f3 para Instituto de C\u00f3rdoba antes de mudarse al elenco de Canelones en el vecino pa\u00eds. Con la camiseta de La Gloria disput\u00f3 20 partidos con 9.2 puntos, 3.1 rebotes y 2 asistencias en 29.5 minutos, adem\u00e1s de un 30.8% de acierto desde la l\u00ednea de triples de promedio.<\/p>\n","protected":false},"excerpt":{"rendered":"<p>Luc\u00eda Ju\u00e1rez tendr\u00e1 una nueva chance en la Liga Nacional Femenina y en las \u00faltimas horas fue confirmada como refuerzo<\/p>\n","protected":false},"author":96739694,"featured_media":159983,"comment_status":"closed","ping_status":"closed","sticky":false,"template":"","format":"standard","meta":{"_jetpack_memberships_contains_paid_content":false,"footnotes":""},"categories":[31,36,1],"tags":[],"class_list":["post-140688","post","type-post","status-publish","format-standard","has-post-thumbnail","hentry","category-basquet","category-liga-nacional","category-portada"],"jetpack_featured_media_url":"https:\/\/i0.wp.com\/cdnoticias.com\/wp-content\/uploads\/2024\/03\/dsc_0548_f6.jpg?fit=1500%2C1000&ssl=1","jetpack_sharing_enabled":true,"_links":{"self":[{"href":"https:\/\/cdnoticias.com\/index.php\/wp-json\/wp\/v2\/posts\/140688","targetHints":{"allow":["GET"]}}],"collection":[{"href":"https:\/\/cdnoticias.com\/index.php\/wp-json\/wp\/v2\/posts"}],"about":[{"href":"https:\/\/cdnoticias.com\/index.php\/wp-json\/wp\/v2\/types\/post"}],"author":[{"embeddable":true,"href":"https:\/\/cdnoticias.com\/index.php\/wp-json\/wp\/v2\/users\/96739694"}],"replies":[{"embeddable":true,"href":"https:\/\/cdnoticias.com\/index.php\/wp-json\/wp\/v2\/comments?post=140688"}],"version-history":[{"count":0,"href":"https:\/\/cdnoticias.com\/index.php\/wp-json\/wp\/v2\/posts\/140688\/revisions"}],"wp:featuredmedia":[{"embeddable":true,"href":"https:\/\/cdnoticias.com\/index.php\/wp-json\/wp\/v2\/media\/159983"}],"wp:attachment":[{"href":"https:\/\/cdnoticias.com\/index.php\/wp-json\/wp\/v2\/media?parent=140688"}],"wp:term":[{"taxonomy":"category","embeddable":true,"href":"https:\/\/cdnoticias.com\/index.php\/wp-json\/wp\/v2\/categories?post=140688"},{"taxonomy":"post_tag","embeddable":true,"href":"https:\/\/cdnoticias.com\/index.php\/wp-json\/wp\/v2\/tags?post=140688"}],"curies":[{"name":"wp","href":"https:\/\/api.w.org\/{rel}","templated":true}]}}