{"id":140677,"date":"2024-11-05T14:42:16","date_gmt":"2024-11-05T17:42:16","guid":{"rendered":"https:\/\/centraldeportes.com.ar\/?p=57107"},"modified":"2025-02-14T00:06:19","modified_gmt":"2025-02-14T03:06:19","slug":"carlos-coki-othasegui-a-las-formativas-del-bata","status":"publish","type":"post","link":"https:\/\/cdnoticias.com\/index.php\/2024\/11\/05\/carlos-coki-othasegui-a-las-formativas-del-bata\/","title":{"rendered":"Carlos \u201cCoki\u201d Othasegui a las formativas del &#8220;Bata&#8221;"},"content":{"rendered":"<p>En las \u00faltimas horas se confirm\u00f3 que el equipo docente del f\u00fatbol menor del Club Estudiantes sum\u00f3 a un destacado entrenador.<!--more--><\/p>\n<hr \/>\n<p>Carlos \u201cCoki\u201d Othasegui se sum\u00f3 al equipo de profesores de divisiones formativas del Club Estudiantes.<\/p>\n<p>&nbsp;<\/p>\n<p>En la jornada del pasado jueves, el DT se sum\u00f3 al staff de profesores y acompa\u00f1ar\u00e1 el proceso de las Categor\u00edas Octava y Novena, dos divisionales bisagras en la formaci\u00f3n y desarrollo.<\/p>\n","protected":false},"excerpt":{"rendered":"<p>En las \u00faltimas horas se confirm\u00f3 que el equipo docente del f\u00fatbol menor del Club Estudiantes sum\u00f3 a un destacado<\/p>\n","protected":false},"author":96739694,"featured_media":163565,"comment_status":"closed","ping_status":"closed","sticky":false,"template":"","format":"standard","meta":{"_jetpack_memberships_contains_paid_content":false,"footnotes":""},"categories":[30,1],"tags":[],"class_list":["post-140677","post","type-post","status-publish","format-standard","has-post-thumbnail","hentry","category-polideportivo","category-portada"],"jetpack_featured_media_url":"https:\/\/i0.wp.com\/cdnoticias.com\/wp-content\/uploads\/2024\/11\/465924678_1118843876912969_6522845175915442811_n-e1730828517774.jpg?fit=2048%2C1187&ssl=1","jetpack_sharing_enabled":true,"_links":{"self":[{"href":"https:\/\/cdnoticias.com\/index.php\/wp-json\/wp\/v2\/posts\/140677","targetHints":{"allow":["GET"]}}],"collection":[{"href":"https:\/\/cdnoticias.com\/index.php\/wp-json\/wp\/v2\/posts"}],"about":[{"href":"https:\/\/cdnoticias.com\/index.php\/wp-json\/wp\/v2\/types\/post"}],"author":[{"embeddable":true,"href":"https:\/\/cdnoticias.com\/index.php\/wp-json\/wp\/v2\/users\/96739694"}],"replies":[{"embeddable":true,"href":"https:\/\/cdnoticias.com\/index.php\/wp-json\/wp\/v2\/comments?post=140677"}],"version-history":[{"count":0,"href":"https:\/\/cdnoticias.com\/index.php\/wp-json\/wp\/v2\/posts\/140677\/revisions"}],"wp:featuredmedia":[{"embeddable":true,"href":"https:\/\/cdnoticias.com\/index.php\/wp-json\/wp\/v2\/media\/163565"}],"wp:attachment":[{"href":"https:\/\/cdnoticias.com\/index.php\/wp-json\/wp\/v2\/media?parent=140677"}],"wp:term":[{"taxonomy":"category","embeddable":true,"href":"https:\/\/cdnoticias.com\/index.php\/wp-json\/wp\/v2\/categories?post=140677"},{"taxonomy":"post_tag","embeddable":true,"href":"https:\/\/cdnoticias.com\/index.php\/wp-json\/wp\/v2\/tags?post=140677"}],"curies":[{"name":"wp","href":"https:\/\/api.w.org\/{rel}","templated":true}]}}