{"id":140673,"date":"2024-11-04T21:06:46","date_gmt":"2024-11-05T00:06:46","guid":{"rendered":"https:\/\/centraldeportes.com.ar\/?p=57086"},"modified":"2025-02-14T00:06:24","modified_gmt":"2025-02-14T03:06:24","slug":"torneo-pre-federal-racing-logro-un-triunfo-clave-en-tandil","status":"publish","type":"post","link":"https:\/\/cdnoticias.com\/index.php\/2024\/11\/04\/torneo-pre-federal-racing-logro-un-triunfo-clave-en-tandil\/","title":{"rendered":"Torneo Pre-Federal: Racing logr\u00f3 un triunfo clave en Tandil"},"content":{"rendered":"\n<div class=\"wp-block-group is-layout-constrained wp-block-group-is-layout-constrained\">\n<p>El \u201cChaira\u201d se sinti\u00f3 c\u00f3modo en el Gigante de Villa Italia y le gan\u00f3 67 \u2013 63 a Uni\u00f3n y Progreso en el cierre de la 14\u00b0 fecha de la Zona Sur.<!--more--><\/p>\n<hr \/>\n<p><strong>Racing<\/strong> afront\u00f3 un duelo trascendental en el certamen provincial, deb\u00eda ganar y as\u00ed lo hizo. Fue en la noche del pasado domingo ante <strong>Uni\u00f3n y Progreso<\/strong> en la ciudad de Tandil.<\/p>\n<p>\u00a0<\/p>\n<p><strong>El \u201cChaira, que pas\u00f3 a dominar el tanteador previo al descanso largo, derrot\u00f3 67 \u2013 63 al \u201cVerde\u201d en el Gigante de Villa Italia<\/strong> en el ocaso de la <strong>14\u00b0 fecha<\/strong> de la Zona Sur del Torneo Pre-Federal.<\/p>\n<p>\u00a0<\/p>\n<p><strong>Gran noche tuvo, una vez m\u00e1s, Manuel Yaben en el conjunto dirigido por Mat\u00edas Orlando<\/strong>. El ala-p\u00edvot fue el goleador del partido con <strong>26 puntos<\/strong> y adem\u00e1s contribuy\u00f3 con 15 rebotes y 4 asistencias. A su vez, estuvo bien acompa\u00f1ado por <strong>Sim\u00f3n Silber<\/strong>, autor de <strong>15 tantos<\/strong> (6 rebotes).<\/p>\n<p>\u00a0<\/p>\n<p>Agust\u00edn Sigel, con 22 unidades, y Francisco Ull\u00faa con 14 fueron los m\u00e1ximos anotadores en el conjunto tandilense.<\/p>\n<p>\u00a0<\/p>\n<p>De esta forma, <strong>Racing encaden\u00f3 su tercera victoria consecutiva y qued\u00f3 a la expectativa de los puestos de Play-Off<\/strong>, pero no deber\u00e1 perder demasiados puntos en el camino.<\/p>\n<hr \/>\n<p><img data-recalc-dims=\"1\" loading=\"lazy\" decoding=\"async\" class=\"aligncenter size-full wp-image-57088\" src=\"https:\/\/i0.wp.com\/cdnoticias.com\/wp-content\/uploads\/2024\/11\/Pre-Federal-Zona-Sur-14%C2%B0-fecha-posiciones.png?resize=790%2C445&#038;ssl=1\" alt=\"\" width=\"790\" height=\"445\" \/><\/p>\n<hr \/>\n<p><strong>S\u00edntesis Uni\u00f3n y Progreso (Tandil) \u2013 Racing:<\/strong><\/p>\n<p>Estadio: Gigante de Villa Italia.<\/p>\n<p><strong>Uni\u00f3n y Progreso (63):<\/strong> <strong>Barroso (10), Tracana (7), Trapote (4), Sigel (22), Campa\u00f1a (4) \u2013 FI \u2013 Aranguren (0), Novara (0), Zazpe (2), Ullua (14). DT \u2013 \u00c1lvaro Casti\u00f1eira.<\/strong><\/p>\n<p><strong>Racing (67): V\u00e1zquez (5), Yaben (26), Silber (15), D\u00b4Alessio (12), Melo (0) \u2013 FI \u2013 Alonso (3), Santana, Mat. (6), Baffo (0). DT \u2013 Mat\u00edas Orlando.<\/strong><\/p>\n<p>Parciales: 22 \u2013 18; 33 \u2013 37; 48 \u2013 50 y 63 \u2013 67.<\/p>\n<p>\u00a0<\/p>\n<p><em><strong>Foto: Archivo.<\/strong><\/em><\/p>\n<\/div>\n","protected":false},"excerpt":{"rendered":"<p>El \u201cChaira\u201d se sinti\u00f3 c\u00f3modo en el Gigante de Villa Italia y le gan\u00f3 67 \u2013 63 a Uni\u00f3n y<\/p>\n","protected":false},"author":96739694,"featured_media":163579,"comment_status":"closed","ping_status":"closed","sticky":false,"template":"","format":"standard","meta":{"_jetpack_memberships_contains_paid_content":false,"footnotes":""},"categories":[31,1,60],"tags":[],"class_list":["post-140673","post","type-post","status-publish","format-standard","has-post-thumbnail","hentry","category-basquet","category-portada","category-torneo-pre-federal"],"jetpack_featured_media_url":"https:\/\/i0.wp.com\/cdnoticias.com\/wp-content\/uploads\/2024\/09\/Rac-vs-UyP-2-e1730765195447.jpg?fit=1280%2C770&ssl=1","jetpack_sharing_enabled":true,"_links":{"self":[{"href":"https:\/\/cdnoticias.com\/index.php\/wp-json\/wp\/v2\/posts\/140673","targetHints":{"allow":["GET"]}}],"collection":[{"href":"https:\/\/cdnoticias.com\/index.php\/wp-json\/wp\/v2\/posts"}],"about":[{"href":"https:\/\/cdnoticias.com\/index.php\/wp-json\/wp\/v2\/types\/post"}],"author":[{"embeddable":true,"href":"https:\/\/cdnoticias.com\/index.php\/wp-json\/wp\/v2\/users\/96739694"}],"replies":[{"embeddable":true,"href":"https:\/\/cdnoticias.com\/index.php\/wp-json\/wp\/v2\/comments?post=140673"}],"version-history":[{"count":0,"href":"https:\/\/cdnoticias.com\/index.php\/wp-json\/wp\/v2\/posts\/140673\/revisions"}],"wp:featuredmedia":[{"embeddable":true,"href":"https:\/\/cdnoticias.com\/index.php\/wp-json\/wp\/v2\/media\/163579"}],"wp:attachment":[{"href":"https:\/\/cdnoticias.com\/index.php\/wp-json\/wp\/v2\/media?parent=140673"}],"wp:term":[{"taxonomy":"category","embeddable":true,"href":"https:\/\/cdnoticias.com\/index.php\/wp-json\/wp\/v2\/categories?post=140673"},{"taxonomy":"post_tag","embeddable":true,"href":"https:\/\/cdnoticias.com\/index.php\/wp-json\/wp\/v2\/tags?post=140673"}],"curies":[{"name":"wp","href":"https:\/\/api.w.org\/{rel}","templated":true}]}}