{"id":140653,"date":"2024-11-01T19:45:32","date_gmt":"2024-11-01T22:45:32","guid":{"rendered":"https:\/\/centraldeportes.com.ar\/?p=56948"},"modified":"2025-02-14T00:04:45","modified_gmt":"2025-02-14T03:04:45","slug":"liga-argentina-hubo-fecha-para-macrini-y-marina","status":"publish","type":"post","link":"https:\/\/cdnoticias.com\/index.php\/2024\/11\/01\/liga-argentina-hubo-fecha-para-macrini-y-marina\/","title":{"rendered":"Liga Argentina: hubo fecha para Macrini y Marina"},"content":{"rendered":"<p>La Liga Argentina tuvo tres partidos en la noche del jueves y fue con doble presentaci\u00f3n olavarriense y un festejo.<!--more--><\/p>\n<hr \/>\n<p>Mariano Marina y Mateo Macrini fueron parte de las presentaciones de sus equipos en una nueva fecha de la Conferencia Sur, pero s\u00f3lo festejo el representante de la entidad rionegrina.<\/p>\n<p>&nbsp;<\/p>\n<p>Mariano Marina jug\u00f3 23:28 minutos con 6 puntos y 2 rebotes en la victoria de Deportivo Viedma en Jun\u00edn.<\/p>\n<p>&nbsp;<\/p>\n<p>El \u201cDepo\u201d venci\u00f3 62 a 60 a Ciclista Juninese en el Coliseo del Boulevard y sum\u00f3 su tercera victoria consecutiva en la gira para ser l\u00edder del Grupo B.<\/p>\n<p>&nbsp;<\/p>\n<p>Adem\u00e1s, en la Zona A, Mateo Macrini jug\u00f3 6:30 minutos con 2 rebotes en El Talar que cay\u00f3 ante Lan\u00fas.<\/p>\n<p>&nbsp;<\/p>\n<p>El \u201caurinegro\u201d cedi\u00f3 84 a 73 y sum\u00f3 su segunda derrota en su estreno en la segunda categor\u00eda del b\u00e1squet argentino.<\/p>\n","protected":false},"excerpt":{"rendered":"<p>La Liga Argentina tuvo tres partidos en la noche del jueves y fue con doble presentaci\u00f3n olavarriense y un festejo.<\/p>\n","protected":false},"author":96739694,"featured_media":163511,"comment_status":"closed","ping_status":"closed","sticky":false,"template":"","format":"standard","meta":{"_jetpack_memberships_contains_paid_content":false,"footnotes":""},"categories":[31,32,1],"tags":[],"class_list":["post-140653","post","type-post","status-publish","format-standard","has-post-thumbnail","hentry","category-basquet","category-liga-argentina","category-portada"],"jetpack_featured_media_url":"https:\/\/i0.wp.com\/cdnoticias.com\/wp-content\/uploads\/2024\/11\/dsc_5510_sb.jpg?fit=1200%2C800&ssl=1","jetpack_sharing_enabled":true,"_links":{"self":[{"href":"https:\/\/cdnoticias.com\/index.php\/wp-json\/wp\/v2\/posts\/140653","targetHints":{"allow":["GET"]}}],"collection":[{"href":"https:\/\/cdnoticias.com\/index.php\/wp-json\/wp\/v2\/posts"}],"about":[{"href":"https:\/\/cdnoticias.com\/index.php\/wp-json\/wp\/v2\/types\/post"}],"author":[{"embeddable":true,"href":"https:\/\/cdnoticias.com\/index.php\/wp-json\/wp\/v2\/users\/96739694"}],"replies":[{"embeddable":true,"href":"https:\/\/cdnoticias.com\/index.php\/wp-json\/wp\/v2\/comments?post=140653"}],"version-history":[{"count":0,"href":"https:\/\/cdnoticias.com\/index.php\/wp-json\/wp\/v2\/posts\/140653\/revisions"}],"wp:featuredmedia":[{"embeddable":true,"href":"https:\/\/cdnoticias.com\/index.php\/wp-json\/wp\/v2\/media\/163511"}],"wp:attachment":[{"href":"https:\/\/cdnoticias.com\/index.php\/wp-json\/wp\/v2\/media?parent=140653"}],"wp:term":[{"taxonomy":"category","embeddable":true,"href":"https:\/\/cdnoticias.com\/index.php\/wp-json\/wp\/v2\/categories?post=140653"},{"taxonomy":"post_tag","embeddable":true,"href":"https:\/\/cdnoticias.com\/index.php\/wp-json\/wp\/v2\/tags?post=140653"}],"curies":[{"name":"wp","href":"https:\/\/api.w.org\/{rel}","templated":true}]}}