{"id":140638,"date":"2024-10-30T00:33:05","date_gmt":"2024-10-30T03:33:05","guid":{"rendered":"https:\/\/centraldeportes.com.ar\/?p=56881"},"modified":"2025-02-14T00:03:17","modified_gmt":"2025-02-14T03:03:17","slug":"ferro-se-quedo-sin-dt-luis-murua-fue-desvinculado-del-cargo","status":"publish","type":"post","link":"https:\/\/cdnoticias.com\/index.php\/2024\/10\/30\/ferro-se-quedo-sin-dt-luis-murua-fue-desvinculado-del-cargo\/","title":{"rendered":"Ferro se qued\u00f3 sin DT: Luis Mur\u00faa fue desvinculado del cargo"},"content":{"rendered":"<p>Fue de com\u00fan acuerdo con la dirigencia del \u201cCarbonero\u201d. Rub\u00e9n \u201cLolo\u201d Istillarte tomar\u00e1 las riendas del equipo pensando en Argentinos de 25 de Mayo.<!--more--><\/p>\n<hr \/>\n<p>En el mediod\u00eda de este martes, de manera improvista, <strong>Luis Mur\u00faa fue despedido de su cargo y dej\u00f3 de ser el entrenador de Ferro Carril Sud por decisi\u00f3n de la dirigencia<\/strong>.<\/p>\n<p>&nbsp;<\/p>\n<p><strong>Seg\u00fan se indic\u00f3, el motivo de su salida fue de com\u00fan acuerdo y se desat\u00f3 por \u201cmotivos futbol\u00edsticos\u201d.<\/strong><\/p>\n<p>&nbsp;<\/p>\n<p>\u201cPity\u201d Mur\u00faa arrib\u00f3 hace poco m\u00e1s de un mes a la entidad de la avenida Pringles y<strong> dirigi\u00f3 ocho partidos, tres en el Regional Amateur y cinco en el campeonato local (4 triunfos, 3 empates y 1 derrota)<\/strong>.<\/p>\n<p>&nbsp;<\/p>\n<p>Por su parte,<strong> Rub\u00e9n \u201cLolo\u201d Istillarte tomar\u00e1 las riendas del equipo moment\u00e1neamente<\/strong> y preparar\u00e1 el partido que Ferro afrontar\u00e1 el pr\u00f3ximo fin de semana en 25 de Mayo contra Argentinos.<\/p>\n<p>&nbsp;<\/p>\n<p><em><strong>Foto: Carlos Zangara \/\/ Emblema Deportivo.<\/strong><\/em><\/p>\n","protected":false},"excerpt":{"rendered":"<p>Fue de com\u00fan acuerdo con la dirigencia del \u201cCarbonero\u201d. Rub\u00e9n \u201cLolo\u201d Istillarte tomar\u00e1 las riendas del equipo pensando en Argentinos<\/p>\n","protected":false},"author":96739694,"featured_media":162911,"comment_status":"closed","ping_status":"closed","sticky":false,"template":"","format":"standard","meta":{"_jetpack_memberships_contains_paid_content":false,"footnotes":""},"categories":[35,1,41],"tags":[],"class_list":["post-140638","post","type-post","status-publish","format-standard","has-post-thumbnail","hentry","category-futbol","category-portada","category-primera-y-reserva"],"jetpack_featured_media_url":"https:\/\/i0.wp.com\/cdnoticias.com\/wp-content\/uploads\/2024\/09\/Luis-Murua-Ferro-Carril-Sud-e1727142306566.jpeg?fit=1000%2C588&ssl=1","jetpack_sharing_enabled":true,"_links":{"self":[{"href":"https:\/\/cdnoticias.com\/index.php\/wp-json\/wp\/v2\/posts\/140638","targetHints":{"allow":["GET"]}}],"collection":[{"href":"https:\/\/cdnoticias.com\/index.php\/wp-json\/wp\/v2\/posts"}],"about":[{"href":"https:\/\/cdnoticias.com\/index.php\/wp-json\/wp\/v2\/types\/post"}],"author":[{"embeddable":true,"href":"https:\/\/cdnoticias.com\/index.php\/wp-json\/wp\/v2\/users\/96739694"}],"replies":[{"embeddable":true,"href":"https:\/\/cdnoticias.com\/index.php\/wp-json\/wp\/v2\/comments?post=140638"}],"version-history":[{"count":0,"href":"https:\/\/cdnoticias.com\/index.php\/wp-json\/wp\/v2\/posts\/140638\/revisions"}],"wp:featuredmedia":[{"embeddable":true,"href":"https:\/\/cdnoticias.com\/index.php\/wp-json\/wp\/v2\/media\/162911"}],"wp:attachment":[{"href":"https:\/\/cdnoticias.com\/index.php\/wp-json\/wp\/v2\/media?parent=140638"}],"wp:term":[{"taxonomy":"category","embeddable":true,"href":"https:\/\/cdnoticias.com\/index.php\/wp-json\/wp\/v2\/categories?post=140638"},{"taxonomy":"post_tag","embeddable":true,"href":"https:\/\/cdnoticias.com\/index.php\/wp-json\/wp\/v2\/tags?post=140638"}],"curies":[{"name":"wp","href":"https:\/\/api.w.org\/{rel}","templated":true}]}}