{"id":140633,"date":"2024-10-28T23:46:39","date_gmt":"2024-10-29T02:46:39","guid":{"rendered":"https:\/\/centraldeportes.com.ar\/?p=56848"},"modified":"2024-10-28T23:46:39","modified_gmt":"2024-10-29T02:46:39","slug":"fede-chingotto-debuto-con-victoria-en-el-mundial-de-qatar-2","status":"publish","type":"post","link":"https:\/\/cdnoticias.com\/index.php\/2024\/10\/28\/fede-chingotto-debuto-con-victoria-en-el-mundial-de-qatar-2\/","title":{"rendered":"\u201cFede\u201d Chingotto debut\u00f3 con victoria en el Mundial de Qatar"},"content":{"rendered":"<p>El olavarriense, en dupla con Agust\u00edn Tapia, sumaron el primer punto para Argentina en el triunfo 3 \u2013 0 sobre Italia por la 1\u00b0 fecha del Grupo A. Este martes, enfrentar\u00e1n a Estados Unidos.<!--more--><\/p>\n<hr \/>\n<p>Con el objetivo de revalidar la corona obtenida en 2022, este lunes <strong>la Selecci\u00f3n Argentina de P\u00e1del Masculino debut\u00f3 con el pie derecho en el FIP World Padel Championship celebrado en Doha, Qatar, luego de barrer 3 \u2013 0 a Italia por la 1\u00b0 fecha del Grupo A<\/strong>.<\/p>\n<p>&nbsp;<\/p>\n<p><strong>Federico Chingotto y Agust\u00edn Tapia fueron los encargados de abrir la serie y de darle el primer punto al combinado nacional. Fue tras vencer 6 \u2013 3 y 7 \u2013 5 a Aris Patiniotis y Lorenzo Di Giovanni.<\/strong><\/p>\n<p>&nbsp;<\/p>\n<p>M\u00e1s tarde, <strong>Franco Stupaczuk<\/strong> <strong>y<\/strong> <strong>Valentino Libaak<\/strong> liquidaron las acciones al imponerse <strong>6 \u2013 1 y 6 \u2013 0<\/strong> frente a la dupla de Riccardo Sinicropi y Giulio Graziotti. A su vez, el tercer punto tambi\u00e9n qued\u00f3 en manos \u201cAlbicelestes\u201d con el festejo de <strong>Mart\u00edn Di Nenno y Leo Augsburger<\/strong> con <strong>doble 6 \u2013 4<\/strong> sobre Simone Cremona y Marco Cassetta.<\/p>\n<p>&nbsp;<\/p>\n<p>En el otro cruce del grupo, <strong>B\u00e9lgica<\/strong> se qued\u00f3 con la serie 2 \u2013 1 ante <strong>Estados Unidos<\/strong>, rival que Argentina enfrentar\u00e1 este martes por la 2\u00b0 fecha del campeonato mundial organizado por la Federaci\u00f3n Internacional de P\u00e1del.<\/p>\n<p>&nbsp;<\/p>\n<p><em><strong>Foto: Asociaci\u00f3n P\u00e1del Argentino.<\/strong><\/em><\/p>\n","protected":false},"excerpt":{"rendered":"<p>El olavarriense, en dupla con Agust\u00edn Tapia, sumaron el primer punto para Argentina en el triunfo 3 \u2013 0 sobre<\/p>\n","protected":false},"author":96739695,"featured_media":56851,"comment_status":"closed","ping_status":"closed","sticky":false,"template":"","format":"standard","meta":{"_jetpack_memberships_contains_paid_content":false,"footnotes":""},"categories":[1,55],"tags":[],"class_list":["post-140633","post","type-post","status-publish","format-standard","has-post-thumbnail","hentry","category-portada","category-tenis-padel"],"jetpack_featured_media_url":"","jetpack_sharing_enabled":true,"_links":{"self":[{"href":"https:\/\/cdnoticias.com\/index.php\/wp-json\/wp\/v2\/posts\/140633","targetHints":{"allow":["GET"]}}],"collection":[{"href":"https:\/\/cdnoticias.com\/index.php\/wp-json\/wp\/v2\/posts"}],"about":[{"href":"https:\/\/cdnoticias.com\/index.php\/wp-json\/wp\/v2\/types\/post"}],"author":[{"embeddable":true,"href":"https:\/\/cdnoticias.com\/index.php\/wp-json\/wp\/v2\/users\/96739695"}],"replies":[{"embeddable":true,"href":"https:\/\/cdnoticias.com\/index.php\/wp-json\/wp\/v2\/comments?post=140633"}],"version-history":[{"count":0,"href":"https:\/\/cdnoticias.com\/index.php\/wp-json\/wp\/v2\/posts\/140633\/revisions"}],"wp:featuredmedia":[{"embeddable":true,"href":"https:\/\/cdnoticias.com\/index.php\/wp-json\/"}],"wp:attachment":[{"href":"https:\/\/cdnoticias.com\/index.php\/wp-json\/wp\/v2\/media?parent=140633"}],"wp:term":[{"taxonomy":"category","embeddable":true,"href":"https:\/\/cdnoticias.com\/index.php\/wp-json\/wp\/v2\/categories?post=140633"},{"taxonomy":"post_tag","embeddable":true,"href":"https:\/\/cdnoticias.com\/index.php\/wp-json\/wp\/v2\/tags?post=140633"}],"curies":[{"name":"wp","href":"https:\/\/api.w.org\/{rel}","templated":true}]}}