{"id":140632,"date":"2024-10-28T23:01:34","date_gmt":"2024-10-29T02:01:34","guid":{"rendered":"https:\/\/centraldeportes.com.ar\/?p=56843"},"modified":"2025-02-14T00:03:25","modified_gmt":"2025-02-14T03:03:25","slug":"divisional-b-recalde-se-quedo-con-la-etapa-regular-del-clausura","status":"publish","type":"post","link":"https:\/\/cdnoticias.com\/index.php\/2024\/10\/28\/divisional-b-recalde-se-quedo-con-la-etapa-regular-del-clausura\/","title":{"rendered":"Divisional B: Recalde se qued\u00f3 con la Etapa Regular del Clausura"},"content":{"rendered":"<p>El \u201cAlbinegro\u201d lo hizo tras vencer a Crotto en el pendiente de la 1\u00b0 fecha. Adem\u00e1s, Luj\u00e1n derrot\u00f3 a Villa Magdalena en el primer cruce de Play-Off.<!--more--><\/p>\n<hr \/>\n<p>Desde principio de a\u00f1o con el Preparaci\u00f3n, <strong>Recalde<\/strong> <strong>viene siendo el gran protagonista de la Divisional B<\/strong> y lo ratific\u00f3 el pasado domingo en la victoria contra Crotto.<\/p>\n<p>&nbsp;<\/p>\n<p>En la cancha de La Tradici\u00f3n, <strong>los dirigidos por Joaqu\u00edn Vizca\u00edno le ganaron 1 a 0 al \u201cCeleste\u201d y se consagraron como el mejor equipo de la Etapa Regular del Torneo Clausura en Primera Divisi\u00f3n<\/strong>. En Reserva, el encuentro culmin\u00f3 en igualdad <strong>1 a 1<\/strong>.<\/p>\n<p>&nbsp;<\/p>\n<p>Ante tal panorama, el \u201cAlbinegro\u201d se asegur\u00f3 su lugar en la final del certamen y deber\u00e1 esperar a lo que suceda en el Play-Off, donde enfrentar\u00e1 en primera instancia a Defensores de Hinojo. El conjunto crottense, por su parte, se medir\u00e1 contra Independiente de Colonia San Miguel en la Fase Eliminatoria.<\/p>\n<p>&nbsp;<\/p>\n<p>No obstante, los Play-Off ya comenzaron y fue con triunfo de Luj\u00e1n en ambas categor\u00edas.<strong> En Primera, los de Orellana vencieron 2 a 1 a Villa Magdalena en el sint\u00e9tico de Embajadores, mientras que en la divisi\u00f3n preliminar golearon 3 a 0<\/strong>.<\/p>\n<hr \/>\n<figure id=\"attachment_56845\" aria-describedby=\"caption-attachment-56845\" style=\"width: 787px\" class=\"wp-caption aligncenter\"><img data-recalc-dims=\"1\" loading=\"lazy\" decoding=\"async\" class=\"wp-image-56845 size-full\" src=\"https:\/\/i0.wp.com\/cdnoticias.com\/wp-content\/uploads\/2024\/10\/T.Clausura-Divisional-B-Primera-Division.png?resize=787%2C332&#038;ssl=1\" alt=\"\" width=\"787\" height=\"332\" \/><figcaption id=\"caption-attachment-56845\" class=\"wp-caption-text\">Primera Divisi\u00f3n<\/figcaption><\/figure>\n<p>&nbsp;<\/p>\n<figure id=\"attachment_56844\" aria-describedby=\"caption-attachment-56844\" style=\"width: 788px\" class=\"wp-caption aligncenter\"><img data-recalc-dims=\"1\" loading=\"lazy\" decoding=\"async\" class=\"wp-image-56844 size-full\" src=\"https:\/\/i0.wp.com\/cdnoticias.com\/wp-content\/uploads\/2024\/10\/T.Clausura-Divisional-B-Reserva.png?resize=788%2C333&#038;ssl=1\" alt=\"\" width=\"788\" height=\"333\" \/><figcaption id=\"caption-attachment-56844\" class=\"wp-caption-text\">Reserva<\/figcaption><\/figure>\n<p>&nbsp;<\/p>\n<p><em><strong>Foto: Prensa Divisional B.<\/strong><\/em><\/p>\n","protected":false},"excerpt":{"rendered":"<p>El \u201cAlbinegro\u201d lo hizo tras vencer a Crotto en el pendiente de la 1\u00b0 fecha. Adem\u00e1s, Luj\u00e1n derrot\u00f3 a Villa<\/p>\n","protected":false},"author":96739694,"featured_media":163434,"comment_status":"closed","ping_status":"closed","sticky":false,"template":"","format":"standard","meta":{"_jetpack_memberships_contains_paid_content":false,"footnotes":""},"categories":[35,1,41],"tags":[],"class_list":["post-140632","post","type-post","status-publish","format-standard","has-post-thumbnail","hentry","category-futbol","category-portada","category-primera-y-reserva"],"jetpack_featured_media_url":"https:\/\/i0.wp.com\/cdnoticias.com\/wp-content\/uploads\/2024\/10\/Recalde-ganador-de-la-Etapa-Regular-Clausura-2024-Divisional-B-e1730167268471.jpeg?fit=890%2C591&ssl=1","jetpack_sharing_enabled":true,"_links":{"self":[{"href":"https:\/\/cdnoticias.com\/index.php\/wp-json\/wp\/v2\/posts\/140632","targetHints":{"allow":["GET"]}}],"collection":[{"href":"https:\/\/cdnoticias.com\/index.php\/wp-json\/wp\/v2\/posts"}],"about":[{"href":"https:\/\/cdnoticias.com\/index.php\/wp-json\/wp\/v2\/types\/post"}],"author":[{"embeddable":true,"href":"https:\/\/cdnoticias.com\/index.php\/wp-json\/wp\/v2\/users\/96739694"}],"replies":[{"embeddable":true,"href":"https:\/\/cdnoticias.com\/index.php\/wp-json\/wp\/v2\/comments?post=140632"}],"version-history":[{"count":0,"href":"https:\/\/cdnoticias.com\/index.php\/wp-json\/wp\/v2\/posts\/140632\/revisions"}],"wp:featuredmedia":[{"embeddable":true,"href":"https:\/\/cdnoticias.com\/index.php\/wp-json\/wp\/v2\/media\/163434"}],"wp:attachment":[{"href":"https:\/\/cdnoticias.com\/index.php\/wp-json\/wp\/v2\/media?parent=140632"}],"wp:term":[{"taxonomy":"category","embeddable":true,"href":"https:\/\/cdnoticias.com\/index.php\/wp-json\/wp\/v2\/categories?post=140632"},{"taxonomy":"post_tag","embeddable":true,"href":"https:\/\/cdnoticias.com\/index.php\/wp-json\/wp\/v2\/tags?post=140632"}],"curies":[{"name":"wp","href":"https:\/\/api.w.org\/{rel}","templated":true}]}}