{"id":140631,"date":"2024-10-28T22:07:49","date_gmt":"2024-10-29T01:07:49","guid":{"rendered":"https:\/\/centraldeportes.com.ar\/?p=56840"},"modified":"2025-02-14T00:03:26","modified_gmt":"2025-02-14T03:03:26","slug":"con-gran-presencia-olavarriense-ya-se-encuentra-en-marcha-la-etapa-final-de-los-juegos-bonaerenses","status":"publish","type":"post","link":"https:\/\/cdnoticias.com\/index.php\/2024\/10\/28\/con-gran-presencia-olavarriense-ya-se-encuentra-en-marcha-la-etapa-final-de-los-juegos-bonaerenses\/","title":{"rendered":"Con gran presencia olavarriense, ya se encuentra en marcha la etapa final de los Juegos Bonaerenses"},"content":{"rendered":"<p>En la jornada de este lunes arrib\u00f3 a Mar del Plata la Delegaci\u00f3n olavarriense que representar\u00e1 a nuestro Partido en la etapa final de los Juegos Bonaerenses, la m\u00e1xima cita del deporte y la cultura de la Provincia de Buenos Aires.<\/p>\n<p><!--more--><\/p>\n<hr \/>\n<p>El intendente de Olavarr\u00eda Maximiliano Wesner viaj\u00f3 hacia la ciudad balnearia para tomar parte del acto inaugural y acompa\u00f1ar a las y los olavarrienses que a partir de este martes comenzar\u00e1n a competir en numerosas disciplinas.<\/p>\n<p>&nbsp;<\/p>\n<p>No obstante, el dispositivo desplegado desde el Municipio de Olavarr\u00eda se inici\u00f3 en la tarde del domingo, cuando una delegaci\u00f3n integrada por alrededor de 20 personas, entre profesores e integrantes del staff municipal, viajaron a Mar del Plata para ultimar detalles de cara al arribo del grueso de la Delegaci\u00f3n olavarriense, que inici\u00f3 su camino en el cierre de la madrugada de este lunes, alrededor de las 5:30 horas, con 7 micros que partieron desde la plaza Coronel Olavarr\u00eda. Un octavo colectivo sali\u00f3 a media ma\u00f1ana, pero desde la Terminal de \u00d3mnibus.<\/p>\n<p>&nbsp;<\/p>\n<p>El viaje y posterior arribo se dio de acuerdo a lo programado, pudiendo todas las personas disfrutar de una tarde a pleno sol, que tuvo su broche con un masivo acto que se desarroll\u00f3 en el balneario Las Toscas, con la presentaci\u00f3n de Lit Killah y Damas Gratis.<\/p>\n<p>&nbsp;<\/p>\n<p>El intendente Maximiliano Wesner, precisamente, arrib\u00f3 en horas del mediod\u00eda para poder compartir el almuerzo con parte de la Delegaci\u00f3n, como as\u00ed tambi\u00e9n darle la bienvenida a Mar del Plata al \u00faltimo micro. Posteriormente particip\u00f3 del acto inaugural, el cuanto cont\u00f3 con la presencia del Gobernador Axel Kicillof, el Ministro de Desarrollo de la Comunidad de la Provincia Andr\u00e9s Larroque y el subsecretario de Deportes bonaerense Leandro Lurati.<\/p>\n<p>&nbsp;<\/p>\n<p>Se recuerda que el Partido de Olavarr\u00eda est\u00e1 representado en Mar del Plata por una delegaci\u00f3n integrada por alrededor de 400 personas, las cuales ya se encuentran alojadas en pleno centro de la ciudad balnearia, una gesti\u00f3n realizada desde el Municipio no s\u00f3lo para favorecer la log\u00edstica durante la competencia, ya que el servicio contratado para las comidas (Montecatini) se encuentra a pocos metros, sino tambi\u00e9n para la seguridad de todas las personas.<\/p>\n<p>&nbsp;<\/p>\n<p>La actividad en s\u00ed, con el inicio de la competencia tanto en disciplinas deportivas como culturales se dar\u00e1 en la jornada de este martes. El Municipio de Olavarr\u00eda, tanto a trav\u00e9s de su portal oficial como redes sociales comunicar\u00e1 todo las novedades y resultados.<\/p>\n","protected":false},"excerpt":{"rendered":"<p>En la jornada de este lunes arrib\u00f3 a Mar del Plata la Delegaci\u00f3n olavarriense que representar\u00e1 a nuestro Partido en<\/p>\n","protected":false},"author":96739694,"featured_media":163438,"comment_status":"closed","ping_status":"closed","sticky":false,"template":"","format":"standard","meta":{"_jetpack_memberships_contains_paid_content":false,"footnotes":""},"categories":[30,1],"tags":[],"class_list":["post-140631","post","type-post","status-publish","format-standard","has-post-thumbnail","hentry","category-polideportivo","category-portada"],"jetpack_featured_media_url":"https:\/\/i0.wp.com\/cdnoticias.com\/wp-content\/uploads\/2024\/10\/DSC_0029-scaled-1.jpg?fit=2560%2C1707&ssl=1","jetpack_sharing_enabled":true,"_links":{"self":[{"href":"https:\/\/cdnoticias.com\/index.php\/wp-json\/wp\/v2\/posts\/140631","targetHints":{"allow":["GET"]}}],"collection":[{"href":"https:\/\/cdnoticias.com\/index.php\/wp-json\/wp\/v2\/posts"}],"about":[{"href":"https:\/\/cdnoticias.com\/index.php\/wp-json\/wp\/v2\/types\/post"}],"author":[{"embeddable":true,"href":"https:\/\/cdnoticias.com\/index.php\/wp-json\/wp\/v2\/users\/96739694"}],"replies":[{"embeddable":true,"href":"https:\/\/cdnoticias.com\/index.php\/wp-json\/wp\/v2\/comments?post=140631"}],"version-history":[{"count":0,"href":"https:\/\/cdnoticias.com\/index.php\/wp-json\/wp\/v2\/posts\/140631\/revisions"}],"wp:featuredmedia":[{"embeddable":true,"href":"https:\/\/cdnoticias.com\/index.php\/wp-json\/wp\/v2\/media\/163438"}],"wp:attachment":[{"href":"https:\/\/cdnoticias.com\/index.php\/wp-json\/wp\/v2\/media?parent=140631"}],"wp:term":[{"taxonomy":"category","embeddable":true,"href":"https:\/\/cdnoticias.com\/index.php\/wp-json\/wp\/v2\/categories?post=140631"},{"taxonomy":"post_tag","embeddable":true,"href":"https:\/\/cdnoticias.com\/index.php\/wp-json\/wp\/v2\/tags?post=140631"}],"curies":[{"name":"wp","href":"https:\/\/api.w.org\/{rel}","templated":true}]}}