{"id":14060,"date":"2021-02-18T12:17:35","date_gmt":"2021-02-18T15:17:35","guid":{"rendered":"http:\/\/www.centraldenoticias.com.ar\/?p=14060"},"modified":"2021-02-18T14:21:33","modified_gmt":"2021-02-18T17:21:33","slug":"emocion-en-el-primer-dia-de-vacunacion-contra-el-covid-para-mayores-de-70-anos","status":"publish","type":"post","link":"https:\/\/cdnoticias.com\/index.php\/2021\/02\/18\/emocion-en-el-primer-dia-de-vacunacion-contra-el-covid-para-mayores-de-70-anos\/","title":{"rendered":"Emoci\u00f3n en el primer d\u00eda de vacunaci\u00f3n contra el COVID para mayores de 70 a\u00f1os"},"content":{"rendered":"<p>La mayor\u00eda fue con alegr\u00eda para recibir la dosis de la Sputnik V en Olavarr\u00eda. Desde los \u201ctempraneros\u201d a los que les gan\u00f3 la ansiedad, hasta aquellos que pidieron a otros olavarrienses que se inscriban.<!--more--><\/p>\n<hr \/>\n<p><strong>Alexis Grierson<\/strong> \/ <a href=\"https:\/\/twitter.com\/alexisdechillar\" target=\"_blank\" rel=\"noopener\">@alexisdechillar<\/a><\/p>\n<p><em>(del staff de Central de Noticias)<\/em><\/p>\n<p>&nbsp;<\/p>\n<p>Tranquilidad y esperanza<strong>. Los olavarrienses mayores de 70 a\u00f1os tienen en claro que no es el final, pero saben que van a poder vivir con mayor serenidad.<\/strong> Son los que m\u00e1s consciencia tienen de que no escapan de ser \u201cun puente\u201d al contagio, pero sin sufrir consecuencias. <strong>De ver el final de la pandemia.<\/strong><\/p>\n<p>&nbsp;<\/p>\n<p><img data-recalc-dims=\"1\" loading=\"lazy\" decoding=\"async\" class=\"alignnone size-full wp-image-14062\" src=\"https:\/\/i0.wp.com\/cdnoticias.com\/wp-content\/uploads\/2021\/02\/vacunaci%C3%B3n-mayores-70-a%C3%B1os3.jpg?resize=800%2C533&#038;ssl=1\" alt=\"\" width=\"800\" height=\"533\" srcset=\"https:\/\/i0.wp.com\/cdnoticias.com\/wp-content\/uploads\/2021\/02\/vacunaci%C3%B3n-mayores-70-a%C3%B1os3.jpg?w=4608&amp;ssl=1 4608w, https:\/\/i0.wp.com\/cdnoticias.com\/wp-content\/uploads\/2021\/02\/vacunaci%C3%B3n-mayores-70-a%C3%B1os3.jpg?resize=300%2C200&amp;ssl=1 300w, https:\/\/i0.wp.com\/cdnoticias.com\/wp-content\/uploads\/2021\/02\/vacunaci%C3%B3n-mayores-70-a%C3%B1os3.jpg?resize=768%2C512&amp;ssl=1 768w, https:\/\/i0.wp.com\/cdnoticias.com\/wp-content\/uploads\/2021\/02\/vacunaci%C3%B3n-mayores-70-a%C3%B1os3.jpg?resize=1024%2C683&amp;ssl=1 1024w, https:\/\/i0.wp.com\/cdnoticias.com\/wp-content\/uploads\/2021\/02\/vacunaci%C3%B3n-mayores-70-a%C3%B1os3.jpg?resize=272%2C182&amp;ssl=1 272w, https:\/\/i0.wp.com\/cdnoticias.com\/wp-content\/uploads\/2021\/02\/vacunaci%C3%B3n-mayores-70-a%C3%B1os3.jpg?w=1600&amp;ssl=1 1600w, https:\/\/i0.wp.com\/cdnoticias.com\/wp-content\/uploads\/2021\/02\/vacunaci%C3%B3n-mayores-70-a%C3%B1os3.jpg?w=2400&amp;ssl=1 2400w\" sizes=\"auto, (max-width: 800px) 100vw, 800px\" \/><\/p>\n<p>&nbsp;<\/p>\n<p><strong>Central de Noticias<\/strong> estuvo en la Escuela Secundaria N\u00b0 1 \u201cJorge Luis Borges\u201d en el inicio de la vacunaci\u00f3n a los mayores de 70 a\u00f1os. <strong>Hab\u00eda tanta ilusi\u00f3n que hubo que comenzar antes con la aplicaci\u00f3n de dosis.<\/strong><\/p>\n<p>&nbsp;<\/p>\n<p><em>\u201cLa gente est\u00e1 muy ansiosa y vino re temprano, no se quer\u00edan quedar afuera\u201d<\/em> indicaron desde la organizaci\u00f3n, en una log\u00edstica m\u00e1s que importante, para que los vacunados est\u00e9n bien atendidos y no les falte nada.<strong> En paralelo, personal de salud que no lleg\u00f3 a aplicarse las primeras dosis tambi\u00e9n recib\u00edan la Sputnik V.<\/strong><\/p>\n<p>&nbsp;<\/p>\n<p><img data-recalc-dims=\"1\" loading=\"lazy\" decoding=\"async\" class=\"alignnone size-full wp-image-14061\" src=\"https:\/\/i0.wp.com\/cdnoticias.com\/wp-content\/uploads\/2021\/02\/vacunaci%C3%B3n-mayores-70-a%C3%B1os2.jpg?resize=800%2C533&#038;ssl=1\" alt=\"\" width=\"800\" height=\"533\" srcset=\"https:\/\/i0.wp.com\/cdnoticias.com\/wp-content\/uploads\/2021\/02\/vacunaci%C3%B3n-mayores-70-a%C3%B1os2.jpg?w=4608&amp;ssl=1 4608w, https:\/\/i0.wp.com\/cdnoticias.com\/wp-content\/uploads\/2021\/02\/vacunaci%C3%B3n-mayores-70-a%C3%B1os2.jpg?resize=300%2C200&amp;ssl=1 300w, https:\/\/i0.wp.com\/cdnoticias.com\/wp-content\/uploads\/2021\/02\/vacunaci%C3%B3n-mayores-70-a%C3%B1os2.jpg?resize=768%2C512&amp;ssl=1 768w, https:\/\/i0.wp.com\/cdnoticias.com\/wp-content\/uploads\/2021\/02\/vacunaci%C3%B3n-mayores-70-a%C3%B1os2.jpg?resize=1024%2C683&amp;ssl=1 1024w, https:\/\/i0.wp.com\/cdnoticias.com\/wp-content\/uploads\/2021\/02\/vacunaci%C3%B3n-mayores-70-a%C3%B1os2.jpg?resize=272%2C182&amp;ssl=1 272w, https:\/\/i0.wp.com\/cdnoticias.com\/wp-content\/uploads\/2021\/02\/vacunaci%C3%B3n-mayores-70-a%C3%B1os2.jpg?w=1600&amp;ssl=1 1600w, https:\/\/i0.wp.com\/cdnoticias.com\/wp-content\/uploads\/2021\/02\/vacunaci%C3%B3n-mayores-70-a%C3%B1os2.jpg?w=2400&amp;ssl=1 2400w\" sizes=\"auto, (max-width: 800px) 100vw, 800px\" \/><\/p>\n<p>&nbsp;<\/p>\n<p><a href=\"https:\/\/cdnoticias.com\/index.php\/2021\/02\/18\/la-vacuna-es-lo-mas-importante-que-hay\/\" target=\"_blank\" rel=\"noopener\">A la historia de Marta Celestino se sumaron muchas.<\/a> Nietos y nietas que los anotaron, hijos que los acompa\u00f1aron, muchos en remis, todos cumpliendo los protocolos. <strong><em>\u201cNo saben lo que esperamos este momento\u201d<\/em> dijo un olavarriense ingresando a la Escuela.<em> \u201cEsto es como venir a votar, una alegr\u00eda y un orgullo\u201d<\/em> agreg\u00f3.<\/strong><\/p>\n<p>&nbsp;<\/p>\n<blockquote><p>Una mujer fue a la peluquer\u00eda para \u201carreglarse\u201d a la hora de recibir la vacuna. En los puestos de vacunaci\u00f3n hay tres personas que toman datos, dialogan con el o la paciente, y efectivamente realizan la vacunaci\u00f3n.<\/p><\/blockquote>\n<p>&nbsp;<\/p>\n<p>A medida que pasaba la ma\u00f1ana, otros se acercaron, respetando los turnos y ya a la espera de una segunda dosis, que deber\u00eda ser aplicada como m\u00ednimo en 20 d\u00edas. Los que ve\u00edan las c\u00e1maras y los micr\u00f3fonos se acercaban de forma espont\u00e1nea:<strong><em> \u201cno entendemos a los que no conf\u00edan en la vacuna. Hay que vacunarse, personas como nosotros estuvieron casi un a\u00f1o encerrados. Esto es dar un paso importante para volver a la vida como era antes\u201d<\/em><\/strong> se\u00f1alaron.<\/p>\n","protected":false},"excerpt":{"rendered":"<p>La mayor\u00eda fue con alegr\u00eda para recibir la dosis de la Sputnik V en Olavarr\u00eda. Desde los \u201ctempraneros\u201d a los<\/p>\n","protected":false},"author":2,"featured_media":14063,"comment_status":"closed","ping_status":"closed","sticky":false,"template":"","format":"standard","meta":{"_jetpack_memberships_contains_paid_content":false,"footnotes":""},"categories":[5,1],"tags":[],"class_list":["post-14060","post","type-post","status-publish","format-standard","has-post-thumbnail","hentry","category-informacion-general","category-portada"],"jetpack_featured_media_url":"https:\/\/i0.wp.com\/cdnoticias.com\/wp-content\/uploads\/2021\/02\/vacunaci%C3%B3n-mayores-70-a%C3%B1os4.jpg?fit=4608%2C3072&ssl=1","jetpack_sharing_enabled":true,"_links":{"self":[{"href":"https:\/\/cdnoticias.com\/index.php\/wp-json\/wp\/v2\/posts\/14060","targetHints":{"allow":["GET"]}}],"collection":[{"href":"https:\/\/cdnoticias.com\/index.php\/wp-json\/wp\/v2\/posts"}],"about":[{"href":"https:\/\/cdnoticias.com\/index.php\/wp-json\/wp\/v2\/types\/post"}],"author":[{"embeddable":true,"href":"https:\/\/cdnoticias.com\/index.php\/wp-json\/wp\/v2\/users\/2"}],"replies":[{"embeddable":true,"href":"https:\/\/cdnoticias.com\/index.php\/wp-json\/wp\/v2\/comments?post=14060"}],"version-history":[{"count":0,"href":"https:\/\/cdnoticias.com\/index.php\/wp-json\/wp\/v2\/posts\/14060\/revisions"}],"wp:featuredmedia":[{"embeddable":true,"href":"https:\/\/cdnoticias.com\/index.php\/wp-json\/wp\/v2\/media\/14063"}],"wp:attachment":[{"href":"https:\/\/cdnoticias.com\/index.php\/wp-json\/wp\/v2\/media?parent=14060"}],"wp:term":[{"taxonomy":"category","embeddable":true,"href":"https:\/\/cdnoticias.com\/index.php\/wp-json\/wp\/v2\/categories?post=14060"},{"taxonomy":"post_tag","embeddable":true,"href":"https:\/\/cdnoticias.com\/index.php\/wp-json\/wp\/v2\/tags?post=14060"}],"curies":[{"name":"wp","href":"https:\/\/api.w.org\/{rel}","templated":true}]}}