{"id":140467,"date":"2024-12-27T14:44:53","date_gmt":"2024-12-27T17:44:53","guid":{"rendered":"https:\/\/centraldeportes.com.ar\/?p=58437"},"modified":"2025-02-14T00:14:27","modified_gmt":"2025-02-14T03:14:27","slug":"deportistas-destacados-desayunaron-en-el-municipio","status":"publish","type":"post","link":"https:\/\/cdnoticias.com\/index.php\/2024\/12\/27\/deportistas-destacados-desayunaron-en-el-municipio\/","title":{"rendered":"Deportistas destacados desayunaron en el Municipio"},"content":{"rendered":"<p>En la ma\u00f1ana de este viernes y con el objetivo de agasajar a los representantes de distintas disciplinas deportivas de nuestra ciudad, el Municipio de Olavarr\u00eda organiz\u00f3 un desayuno con quienes hoy llevan la bandera de nuestro Partido en distintos puntos del Pa\u00eds y del Mundo.<!--more--><\/p>\n<hr \/>\n<p>La oportunidad permiti\u00f3 compartir un espacio de encuentro y di\u00e1logo, pero tambi\u00e9n de an\u00e9cdotas e inclusive de proyectos, ya que en la ocasi\u00f3n el Intendente Municipal Maximiliano Wesner, invit\u00f3 a que planteen desde su experiencia qu\u00e9 tipo de propuestas o iniciativas pueden impulsarse para seguir promocionando el deporte y h\u00e1bitos saludables.<\/p>\n<p>&nbsp;<\/p>\n<p>La actividad inici\u00f3 minutos despu\u00e9s de las 10, en el Sal\u00f3n Blanco del Palacio Municipal, donde el intendente Wesner estuvo acompa\u00f1ado por la Jefa de Gabinete Mercedes Land\u00edvar, el Subsecretario de Deportes Juan Pablo Arouxet, el Director de Gesti\u00f3n Deportiva Enzo Jarrie y el director de Deporte Social Pablo Coniglio.<\/p>\n<p>&nbsp;<\/p>\n<p>\u201cPara nosotros poder recibirlos en la Municipalidad es un honor\u201d, expres\u00f3 Wesner al momento de dar la bienvenida y agradecer a cada una de las personas presentes por aceptar la invitaci\u00f3n y sumarse al encuentro. \u201cPara nosotros son embajadores de Olavarr\u00eda, que lo hacen con la bandera del deporte\u201d, a\u00f1adi\u00f3.<\/p>\n<p>&nbsp;<\/p>\n<p>Posteriormente, los invit\u00f3 a presentarse y contar cu\u00e1l es su actualidad deportiva, pero tambi\u00e9n el camino recorrido y proyectos de cara al inicio del a\u00f1o que est\u00e1 pr\u00f3ximo a comenzar. \u201cLa idea es charlar, compartir an\u00e9cdotas o c\u00f3mo le fue en este 2024, qu\u00e9 esperan para el 2025 y poder conversar, poner en palabras todo lo que est\u00e1n viviendo y c\u00f3mo los ha recibido Olavarr\u00eda. Tomar ideas nosotros tambi\u00e9n de qu\u00e9 pretenden para el deporte de nuestra ciudad, por eso ac\u00e1 est\u00e1 todo el equipo\u201d, concluy\u00f3 Wesner.<\/p>\n<p>&nbsp;<\/p>\n<p><img data-recalc-dims=\"1\" loading=\"lazy\" decoding=\"async\" class=\"aligncenter size-large wp-image-58439\" src=\"https:\/\/i0.wp.com\/cdnoticias.com\/wp-content\/uploads\/2024\/12\/Desayuno-deportistas-10-scaled-1.jpg?resize=800%2C532&#038;ssl=1\" alt=\"\" width=\"800\" height=\"532\" \/><\/p>\n<p>&nbsp;<\/p>\n<p>La actividad cont\u00f3 con la participaci\u00f3n de las y los siguientes deportistas:<\/p>\n<p>Paloma Routaboul, jugadora olavarriense de v\u00f3ley, surgida del Club Atl\u00e9tico Estudiantes y quien actualmente juega en Estudiantes de La Plata. Adem\u00e1s integra el Seleccionado Nacional U21, que este a\u00f1o compiti\u00f3 en el Campeonato Sudamericano disputado en Chile, donde Argentina fue subcampeona.<\/p>\n<p>&nbsp;<\/p>\n<p>Agust\u00edn Vernice, palista nacido deportivamente en el Club Estudiantes. Actualmente es el mejor exponente de Argentina en la disciplina y rankeado entre los mejores 8 del mundo, gracias a su participaci\u00f3n en los Juegos Ol\u00edmpicos y competencias internacionales.<\/p>\n<p>&nbsp;<\/p>\n<p>Federico Chingotto, naci\u00f3 en Olavarr\u00eda y actualmente ocupa la 4\u00b0 posici\u00f3n del ranking de la FIP (la Federaci\u00f3n Internacional de Padel) pero junto al espa\u00f1ol Alejandro Gal\u00e1n forma la segunda mejor pareja del mundo, la cual cosech\u00f3 5 t\u00edtulos durante el 2024.<\/p>\n<p>&nbsp;<\/p>\n<p>Bruno Sansimoni, jugador olavarriense de b\u00e1squet, quien actualmente integra el plantel del Quimsa de Santiago del Estero, equipo que compite en la Liga Nacional de B\u00e1squet. Anteriormente defendi\u00f3 los colores, entre otros de Boca, Quilmes y Pe\u00f1arol.<\/p>\n<p>&nbsp;<\/p>\n<p>Federico Mar\u00edn, jugador de b\u00e1squet surgido deportivamente de Estudiantes de Olavarr\u00eda. Actualmente juega en Pe\u00f1arol de Mar del Plata, pero con una trayectoria incluyo paso por equipos de Italia, Guatemala y Uruguay.<\/p>\n<p>&nbsp;<\/p>\n<p>Pedro De la Vega, jugador de f\u00fatbol que hizo su etapa formativa en el Club Ferro Carril Sud. Tras un destacado paso por Lan\u00fas fue adquirido por el Seattle Sounders de la MLS de Estados Unidos, donde se encuentra actualmente.<\/p>\n<p>&nbsp;<\/p>\n<p>Braian Salvareschi, jugador de f\u00fatbol olavarriense, surgido en El Fort\u00edn de Olavarr\u00eda, desde donde pas\u00f3 a las divisiones inferiores de Sarmiento de Jun\u00edn. Actualmente juega en Godoy Cruz de Mendoza, en la primera divisi\u00f3n del f\u00fatbol nacional.<\/p>\n<p>&nbsp;<\/p>\n<p>Luc\u00eda Ju\u00e1rez, jugadora de b\u00e1squet nacida en Olavarr\u00eda, quien actualmente forma parte del plantel de Tom\u00e1s de Rocamora, en Concepci\u00f3n del Uruguay, Entre R\u00edos.<\/p>\n<p>&nbsp;<\/p>\n<p>Joaqu\u00edn Yakiche, jugador olavarriense de Rugby surgido en Estudiantes y actual jugador de CUBA, Club Universitario de Buenos Aires. Este a\u00f1o integr\u00f3 adem\u00e1s el plantel de \u201cLos Pumitas\u201d en el Mundial M19.<\/p>\n<p>&nbsp;<\/p>\n<p>Marcelo \u201cCharly\u201d Mac\u00edas, entrenador olavarriense de b\u00e1squet, actualmente DT de Argentino de Jun\u00edn, equipo que compite en la Liga Nacional.<\/p>\n<p>&nbsp;<\/p>\n<p>Lola S\u00e1nchez, tiradora olavarriense y campeona sudamericana en la disciplina en la modalidad mixta en el marco del Certamen realizado este a\u00f1o en Per\u00fa, donde adem\u00e1s se ubic\u00f3 5\u00b0 en la rama individual.<\/p>\n","protected":false},"excerpt":{"rendered":"<p>En la ma\u00f1ana de este viernes y con el objetivo de agasajar a los representantes de distintas disciplinas deportivas de<\/p>\n","protected":false},"author":96739694,"featured_media":164023,"comment_status":"closed","ping_status":"closed","sticky":false,"template":"","format":"standard","meta":{"_jetpack_memberships_contains_paid_content":false,"footnotes":""},"categories":[1],"tags":[],"class_list":["post-140467","post","type-post","status-publish","format-standard","has-post-thumbnail","hentry","category-portada"],"jetpack_featured_media_url":"https:\/\/i0.wp.com\/cdnoticias.com\/wp-content\/uploads\/2024\/12\/Desayuno-Deportistas.jpeg?fit=2560%2C1706&ssl=1","jetpack_sharing_enabled":true,"_links":{"self":[{"href":"https:\/\/cdnoticias.com\/index.php\/wp-json\/wp\/v2\/posts\/140467","targetHints":{"allow":["GET"]}}],"collection":[{"href":"https:\/\/cdnoticias.com\/index.php\/wp-json\/wp\/v2\/posts"}],"about":[{"href":"https:\/\/cdnoticias.com\/index.php\/wp-json\/wp\/v2\/types\/post"}],"author":[{"embeddable":true,"href":"https:\/\/cdnoticias.com\/index.php\/wp-json\/wp\/v2\/users\/96739694"}],"replies":[{"embeddable":true,"href":"https:\/\/cdnoticias.com\/index.php\/wp-json\/wp\/v2\/comments?post=140467"}],"version-history":[{"count":0,"href":"https:\/\/cdnoticias.com\/index.php\/wp-json\/wp\/v2\/posts\/140467\/revisions"}],"wp:featuredmedia":[{"embeddable":true,"href":"https:\/\/cdnoticias.com\/index.php\/wp-json\/wp\/v2\/media\/164023"}],"wp:attachment":[{"href":"https:\/\/cdnoticias.com\/index.php\/wp-json\/wp\/v2\/media?parent=140467"}],"wp:term":[{"taxonomy":"category","embeddable":true,"href":"https:\/\/cdnoticias.com\/index.php\/wp-json\/wp\/v2\/categories?post=140467"},{"taxonomy":"post_tag","embeddable":true,"href":"https:\/\/cdnoticias.com\/index.php\/wp-json\/wp\/v2\/tags?post=140467"}],"curies":[{"name":"wp","href":"https:\/\/api.w.org\/{rel}","templated":true}]}}