{"id":140459,"date":"2024-12-20T21:20:25","date_gmt":"2024-12-21T00:20:25","guid":{"rendered":"https:\/\/centraldeportes.com.ar\/?p=58395"},"modified":"2025-02-14T00:14:46","modified_gmt":"2025-02-14T03:14:46","slug":"pelota-paleta-pelotaris-del-bataraz-recibieron-su-trofeo","status":"publish","type":"post","link":"https:\/\/cdnoticias.com\/index.php\/2024\/12\/20\/pelota-paleta-pelotaris-del-bataraz-recibieron-su-trofeo\/","title":{"rendered":"Pelota Paleta: pelotaris del \u201cBataraz\u201d recibieron su trofeo"},"content":{"rendered":"<p>En el trinquete del Parque Guerrero se realiz\u00f3 la ceremonia de premiaci\u00f3n de los campeones y subcampeones del Interclubes de cada Categor\u00eda y los representantes del \u201cBataraz\u201d fueron premiados en Segunda.<!--more--><\/p>\n<hr \/>\n<p>El equipo \u201calbinegro\u201d integrado por los titulares Mauricio Donato y Facundo Pedraz y suplantado por Carlos Montero y Otto Laurenz en algunas presentaciones recibieron el trofeo de campeones de la Temporada en Segunda Categor\u00eda.<\/p>\n<p>&nbsp;<\/p>\n<p>El acto se llev\u00f3 a cabo el pasado mi\u00e9rcoles y tambi\u00e9n hubo reconocimientos en Primera y Tercera.<\/p>\n","protected":false},"excerpt":{"rendered":"<p>En el trinquete del Parque Guerrero se realiz\u00f3 la ceremonia de premiaci\u00f3n de los campeones y subcampeones del Interclubes de<\/p>\n","protected":false},"author":96739694,"featured_media":164041,"comment_status":"closed","ping_status":"closed","sticky":false,"template":"","format":"standard","meta":{"_jetpack_memberships_contains_paid_content":false,"footnotes":""},"categories":[30,1],"tags":[],"class_list":["post-140459","post","type-post","status-publish","format-standard","has-post-thumbnail","hentry","category-polideportivo","category-portada"],"jetpack_featured_media_url":"https:\/\/i0.wp.com\/cdnoticias.com\/wp-content\/uploads\/2024\/12\/WhatsApp-Image-2024-12-20-at-17.26.00-e1734740413333.jpeg?fit=960%2C625&ssl=1","jetpack_sharing_enabled":true,"_links":{"self":[{"href":"https:\/\/cdnoticias.com\/index.php\/wp-json\/wp\/v2\/posts\/140459","targetHints":{"allow":["GET"]}}],"collection":[{"href":"https:\/\/cdnoticias.com\/index.php\/wp-json\/wp\/v2\/posts"}],"about":[{"href":"https:\/\/cdnoticias.com\/index.php\/wp-json\/wp\/v2\/types\/post"}],"author":[{"embeddable":true,"href":"https:\/\/cdnoticias.com\/index.php\/wp-json\/wp\/v2\/users\/96739694"}],"replies":[{"embeddable":true,"href":"https:\/\/cdnoticias.com\/index.php\/wp-json\/wp\/v2\/comments?post=140459"}],"version-history":[{"count":0,"href":"https:\/\/cdnoticias.com\/index.php\/wp-json\/wp\/v2\/posts\/140459\/revisions"}],"wp:featuredmedia":[{"embeddable":true,"href":"https:\/\/cdnoticias.com\/index.php\/wp-json\/wp\/v2\/media\/164041"}],"wp:attachment":[{"href":"https:\/\/cdnoticias.com\/index.php\/wp-json\/wp\/v2\/media?parent=140459"}],"wp:term":[{"taxonomy":"category","embeddable":true,"href":"https:\/\/cdnoticias.com\/index.php\/wp-json\/wp\/v2\/categories?post=140459"},{"taxonomy":"post_tag","embeddable":true,"href":"https:\/\/cdnoticias.com\/index.php\/wp-json\/wp\/v2\/tags?post=140459"}],"curies":[{"name":"wp","href":"https:\/\/api.w.org\/{rel}","templated":true}]}}