{"id":140438,"date":"2024-12-14T18:42:31","date_gmt":"2024-12-14T21:42:31","guid":{"rendered":"https:\/\/centraldeportes.com.ar\/?p=58296"},"modified":"2025-02-14T00:13:43","modified_gmt":"2025-02-14T03:13:43","slug":"las-divisiones-inferiores-ya-tienen-a-los-campeones-del-ano","status":"publish","type":"post","link":"https:\/\/cdnoticias.com\/index.php\/2024\/12\/14\/las-divisiones-inferiores-ya-tienen-a-los-campeones-del-ano\/","title":{"rendered":"Las Divisiones Inferiores ya tienen a los campeones del a\u00f1o"},"content":{"rendered":"<p>Este s\u00e1bado, con actividad repartida en dos escenarios, se jugaron las finales anuales del f\u00fatbol menor en cinco categor\u00edas. Festejaron Embajadores, Racing, El Fort\u00edn y Ferro.<!--more--><\/p>\n<hr \/>\n<p>Luego de un segundo semestre cargado de competencias formativas, este s\u00e1bado las <strong>Divisiones Inferiores<\/strong> disputaron las <strong>finales anuales<\/strong> y quedaron finiquitados los mejores equipos de cada tira.<\/p>\n<p>&nbsp;<\/p>\n<p>Abriendo la jornada en el Jos\u00e9 Buglione Martinese, <strong>Racing<\/strong> <strong>se consagr\u00f3 campe\u00f3n en S\u00e9ptima divisi\u00f3n, luego Embajadores hizo lo propio en D\u00e9cima y, a trav\u00e9s de los penales, el \u201cChaira\u201d dio la vuelta ol\u00edmpica en Novena.<\/strong><\/p>\n<p>&nbsp;<\/p>\n<p><img data-recalc-dims=\"1\" loading=\"lazy\" decoding=\"async\" class=\"aligncenter size-full wp-image-58297\" src=\"https:\/\/i0.wp.com\/cdnoticias.com\/wp-content\/uploads\/2024\/12\/Inferiores-Finales-anuales-2024a-e1734212534480.jpeg?resize=800%2C450&#038;ssl=1\" alt=\"\" width=\"800\" height=\"450\" \/><\/p>\n<p>&nbsp;<\/p>\n<p>Por otro lado, en el Domingo Colasurdo, <strong>Ferro<\/strong> <strong>se impuso en la tanda decisiva sobre El Fort\u00edn y se coron\u00f3 campe\u00f3n en Quinta, mientras que los de la avenida Urquiza se proclamaron como los mejores en Octava<\/strong>.<\/p>\n<p>&nbsp;<\/p>\n<p>Cabe destacar que, en Sexta, el consagrado del a\u00f1o fue <strong>Embajadores<\/strong>.<\/p>\n<p>&nbsp;<\/p>\n<ul>\n<li>\n<h6><strong>Resultados:<\/strong><\/h6>\n<\/li>\n<\/ul>\n<p>&nbsp;<\/p>\n<h6><strong>En D\u00e9cima<\/strong><\/h6>\n<p>Embajadores<strong> 1 \u2013 0<\/strong> Racing<\/p>\n<p>&nbsp;<\/p>\n<h6><strong>En Novena<\/strong><\/h6>\n<p>Loma Negra <strong>0 \u2013 0<\/strong> Racing \/\/ (<strong>El \u201cChaira\u201d se impuso en los penales<\/strong>)<\/p>\n<p>&nbsp;<\/p>\n<h6><strong>En Octava<\/strong><\/h6>\n<p>Ferro <strong>0 \u2013 1<\/strong> El Fort\u00edn<\/p>\n<p>&nbsp;<\/p>\n<h6><strong>En S\u00e9ptima<\/strong><\/h6>\n<p>Racing <strong>1 \u2013 0<\/strong> Embajadores<\/p>\n<p>&nbsp;<\/p>\n<h6><strong>En Quinta<\/strong><\/h6>\n<p>Ferro <strong>0 \u2013 0<\/strong> El Fort\u00edn \/\/ (<strong>El \u201cCarbonero\u201d se impuso en los penales<\/strong>)<\/p>\n<p>&nbsp;<\/p>\n<p><em><strong>Fotos: Ver\u00f3nica Vivas \/\/ @verito_fotografias.<\/strong><\/em><\/p>\n","protected":false},"excerpt":{"rendered":"<p>Este s\u00e1bado, con actividad repartida en dos escenarios, se jugaron las finales anuales del f\u00fatbol menor en cinco categor\u00edas. Festejaron<\/p>\n","protected":false},"author":96739694,"featured_media":163991,"comment_status":"closed","ping_status":"closed","sticky":false,"template":"","format":"standard","meta":{"_jetpack_memberships_contains_paid_content":false,"footnotes":""},"categories":[35,40,1],"tags":[],"class_list":["post-140438","post","type-post","status-publish","format-standard","has-post-thumbnail","hentry","category-futbol","category-inferiores","category-portada"],"jetpack_featured_media_url":"https:\/\/i0.wp.com\/cdnoticias.com\/wp-content\/uploads\/2024\/12\/Inferiores-Finales-anuales-2024-e1734212491813.jpeg?fit=1000%2C597&ssl=1","jetpack_sharing_enabled":true,"_links":{"self":[{"href":"https:\/\/cdnoticias.com\/index.php\/wp-json\/wp\/v2\/posts\/140438","targetHints":{"allow":["GET"]}}],"collection":[{"href":"https:\/\/cdnoticias.com\/index.php\/wp-json\/wp\/v2\/posts"}],"about":[{"href":"https:\/\/cdnoticias.com\/index.php\/wp-json\/wp\/v2\/types\/post"}],"author":[{"embeddable":true,"href":"https:\/\/cdnoticias.com\/index.php\/wp-json\/wp\/v2\/users\/96739694"}],"replies":[{"embeddable":true,"href":"https:\/\/cdnoticias.com\/index.php\/wp-json\/wp\/v2\/comments?post=140438"}],"version-history":[{"count":0,"href":"https:\/\/cdnoticias.com\/index.php\/wp-json\/wp\/v2\/posts\/140438\/revisions"}],"wp:featuredmedia":[{"embeddable":true,"href":"https:\/\/cdnoticias.com\/index.php\/wp-json\/wp\/v2\/media\/163991"}],"wp:attachment":[{"href":"https:\/\/cdnoticias.com\/index.php\/wp-json\/wp\/v2\/media?parent=140438"}],"wp:term":[{"taxonomy":"category","embeddable":true,"href":"https:\/\/cdnoticias.com\/index.php\/wp-json\/wp\/v2\/categories?post=140438"},{"taxonomy":"post_tag","embeddable":true,"href":"https:\/\/cdnoticias.com\/index.php\/wp-json\/wp\/v2\/tags?post=140438"}],"curies":[{"name":"wp","href":"https:\/\/api.w.org\/{rel}","templated":true}]}}