{"id":140424,"date":"2024-12-11T17:44:23","date_gmt":"2024-12-11T20:44:23","guid":{"rendered":"https:\/\/centraldeportes.com.ar\/?p=58220"},"modified":"2025-02-14T00:14:01","modified_gmt":"2025-02-14T03:14:01","slug":"martina-campos-coronel-fue-fichada-por-boca-juniors","status":"publish","type":"post","link":"https:\/\/cdnoticias.com\/index.php\/2024\/12\/11\/martina-campos-coronel-fue-fichada-por-boca-juniors\/","title":{"rendered":"Martina Campos Coronel fue fichada por Boca Juniors"},"content":{"rendered":"<p>La jugadora de Estudiantes, Martina Campos fue fichada por el Club Atl\u00e9tico Boca Juniors.<!--more--><\/p>\n<hr \/>\n<p>Tras una prueba realizada en el mes de noviembre, la futbolista del &#8220;Bataraz&#8221; capt\u00f3 el inter\u00e9s de los observadores y deber\u00e1 volver a la instituci\u00f3n en el 2025 para cerrar tema pensi\u00f3n y dem\u00e1s.<\/p>\n<p>&nbsp;<\/p>\n<p>En la previa del partido de la final de Primera de esta tarde, la jugadora categor\u00eda 2011, ser\u00e1 reconocida por el plantel mayor, compa\u00f1eras y allegados.<\/p>\n","protected":false},"excerpt":{"rendered":"<p>La jugadora de Estudiantes, Martina Campos fue fichada por el Club Atl\u00e9tico Boca Juniors.<\/p>\n","protected":false},"author":96739694,"featured_media":164011,"comment_status":"closed","ping_status":"closed","sticky":false,"template":"","format":"standard","meta":{"_jetpack_memberships_contains_paid_content":false,"footnotes":""},"categories":[47,35,1],"tags":[],"class_list":["post-140424","post","type-post","status-publish","format-standard","has-post-thumbnail","hentry","category-femenino","category-futbol","category-portada"],"jetpack_featured_media_url":"https:\/\/i0.wp.com\/cdnoticias.com\/wp-content\/uploads\/2024\/12\/estudiantesolavarria_1733919460_3520694065722655349_3726918071-e1733949849386.jpg?fit=1440%2C880&ssl=1","jetpack_sharing_enabled":true,"_links":{"self":[{"href":"https:\/\/cdnoticias.com\/index.php\/wp-json\/wp\/v2\/posts\/140424","targetHints":{"allow":["GET"]}}],"collection":[{"href":"https:\/\/cdnoticias.com\/index.php\/wp-json\/wp\/v2\/posts"}],"about":[{"href":"https:\/\/cdnoticias.com\/index.php\/wp-json\/wp\/v2\/types\/post"}],"author":[{"embeddable":true,"href":"https:\/\/cdnoticias.com\/index.php\/wp-json\/wp\/v2\/users\/96739694"}],"replies":[{"embeddable":true,"href":"https:\/\/cdnoticias.com\/index.php\/wp-json\/wp\/v2\/comments?post=140424"}],"version-history":[{"count":0,"href":"https:\/\/cdnoticias.com\/index.php\/wp-json\/wp\/v2\/posts\/140424\/revisions"}],"wp:featuredmedia":[{"embeddable":true,"href":"https:\/\/cdnoticias.com\/index.php\/wp-json\/wp\/v2\/media\/164011"}],"wp:attachment":[{"href":"https:\/\/cdnoticias.com\/index.php\/wp-json\/wp\/v2\/media?parent=140424"}],"wp:term":[{"taxonomy":"category","embeddable":true,"href":"https:\/\/cdnoticias.com\/index.php\/wp-json\/wp\/v2\/categories?post=140424"},{"taxonomy":"post_tag","embeddable":true,"href":"https:\/\/cdnoticias.com\/index.php\/wp-json\/wp\/v2\/tags?post=140424"}],"curies":[{"name":"wp","href":"https:\/\/api.w.org\/{rel}","templated":true}]}}