{"id":140421,"date":"2024-12-09T20:11:50","date_gmt":"2024-12-09T23:11:50","guid":{"rendered":"https:\/\/centraldeportes.com.ar\/?p=58204"},"modified":"2025-02-14T00:14:07","modified_gmt":"2025-02-14T03:14:07","slug":"chingotto-y-galan-se-quedaron-con-el-subcampeonato-en-milan","status":"publish","type":"post","link":"https:\/\/cdnoticias.com\/index.php\/2024\/12\/09\/chingotto-y-galan-se-quedaron-con-el-subcampeonato-en-milan\/","title":{"rendered":"Chingotto y Gal\u00e1n se quedaron con el subcampeonato en Mil\u00e1n"},"content":{"rendered":"<p>A pesar de jugar a buen nivel, no les alcanz\u00f3 para batir a Tapia \u2013 Coello en la final del P1 italiano, el pen\u00faltimo de la temporada de Premier Padel.<!--more--><\/p>\n<hr \/>\n<p>Una vez m\u00e1s, <strong>\u201cFede\u201d Chingotto<\/strong> y<strong> Ale Gal\u00e1n<\/strong> quedaron al margen de la coronaci\u00f3n y no pudieron quebrar la extensa racha positiva de <strong>Agust\u00edn Tapia<\/strong> y <strong>Arturo Coello<\/strong> que, post receso de temporada, no pararon de ganar torneos.<\/p>\n<p>&nbsp;<\/p>\n<p>Pese a que el olavarriense y el madrile\u00f1o mantuvieron buen ritmo en el 20&#215;10, no les alcanz\u00f3 para batir los n\u00famero uno del Ranking, quienes se impusieron en sets consecutivos en la tarde del pasado domingo.<\/p>\n<p>&nbsp;<\/p>\n<p><img data-recalc-dims=\"1\" loading=\"lazy\" decoding=\"async\" class=\"aligncenter size-full wp-image-58205\" src=\"https:\/\/i0.wp.com\/cdnoticias.com\/wp-content\/uploads\/2024\/12\/Chingotto-P1-de-Milan-Final1-e1733785898911.jpg?resize=800%2C548&#038;ssl=1\" alt=\"\" width=\"800\" height=\"548\" \/><\/p>\n<p>&nbsp;<\/p>\n<p><strong>Fue por 6 \u2013 4 y 7 \u2013 6 la derrota de la \u201cChingal\u00e1n\u201d ante las m\u00e1s de cinco mil personas que presenciaron las finales en el Allianz Cloud.<\/strong><\/p>\n<p>&nbsp;<\/p>\n<p>Con el subcampeonato del P1 de Mil\u00e1n, lo pr\u00f3ximo para \u201cFede\u201d Chingotto ser\u00e1 el <strong>Premier Padel Finals a disputarse en Barcelona<\/strong> entre el 19 y el 22 del corriente mes.<\/p>\n<p>&nbsp;<\/p>\n<p><em><strong>Fotos: Premier Padel.<\/strong><\/em><\/p>\n","protected":false},"excerpt":{"rendered":"<p>A pesar de jugar a buen nivel, no les alcanz\u00f3 para batir a Tapia \u2013 Coello en la final del<\/p>\n","protected":false},"author":96739694,"featured_media":164018,"comment_status":"closed","ping_status":"closed","sticky":false,"template":"","format":"standard","meta":{"_jetpack_memberships_contains_paid_content":false,"footnotes":""},"categories":[1,55],"tags":[],"class_list":["post-140421","post","type-post","status-publish","format-standard","has-post-thumbnail","hentry","category-portada","category-tenis-padel"],"jetpack_featured_media_url":"https:\/\/i0.wp.com\/cdnoticias.com\/wp-content\/uploads\/2024\/12\/Chingotto-P1-de-Milan-Final-e1733785875596.jpg?fit=800%2C528&ssl=1","jetpack_sharing_enabled":true,"_links":{"self":[{"href":"https:\/\/cdnoticias.com\/index.php\/wp-json\/wp\/v2\/posts\/140421","targetHints":{"allow":["GET"]}}],"collection":[{"href":"https:\/\/cdnoticias.com\/index.php\/wp-json\/wp\/v2\/posts"}],"about":[{"href":"https:\/\/cdnoticias.com\/index.php\/wp-json\/wp\/v2\/types\/post"}],"author":[{"embeddable":true,"href":"https:\/\/cdnoticias.com\/index.php\/wp-json\/wp\/v2\/users\/96739694"}],"replies":[{"embeddable":true,"href":"https:\/\/cdnoticias.com\/index.php\/wp-json\/wp\/v2\/comments?post=140421"}],"version-history":[{"count":0,"href":"https:\/\/cdnoticias.com\/index.php\/wp-json\/wp\/v2\/posts\/140421\/revisions"}],"wp:featuredmedia":[{"embeddable":true,"href":"https:\/\/cdnoticias.com\/index.php\/wp-json\/wp\/v2\/media\/164018"}],"wp:attachment":[{"href":"https:\/\/cdnoticias.com\/index.php\/wp-json\/wp\/v2\/media?parent=140421"}],"wp:term":[{"taxonomy":"category","embeddable":true,"href":"https:\/\/cdnoticias.com\/index.php\/wp-json\/wp\/v2\/categories?post=140421"},{"taxonomy":"post_tag","embeddable":true,"href":"https:\/\/cdnoticias.com\/index.php\/wp-json\/wp\/v2\/tags?post=140421"}],"curies":[{"name":"wp","href":"https:\/\/api.w.org\/{rel}","templated":true}]}}