{"id":140419,"date":"2024-12-10T15:41:48","date_gmt":"2024-12-10T18:41:48","guid":{"rendered":"https:\/\/centraldeportes.com.ar\/?p=58194"},"modified":"2025-02-14T00:14:06","modified_gmt":"2025-02-14T03:14:06","slug":"liga-pre-federal-mauri-pane-campeon-en-entre-rios","status":"publish","type":"post","link":"https:\/\/cdnoticias.com\/index.php\/2024\/12\/10\/liga-pre-federal-mauri-pane-campeon-en-entre-rios\/","title":{"rendered":"Liga Pre-Federal: \u201cMauri\u201d Pane, campe\u00f3n en Entre R\u00edos"},"content":{"rendered":"<p>Mauricio Pane se consagr\u00f3 campe\u00f3n de la 40\u00b0 edici\u00f3n de la Liga Provincial de Entre R\u00edos.<!--more--><\/p>\n<hr \/>\n<p>En la noche del pasado domingo se defini\u00f3 el campe\u00f3n del Pre-Federal entrerriano y fue con festejo para Central Entrerriano que cerr\u00f3 la serie 3 a 1 a su favor y levant\u00f3 el t\u00edtulo de campe\u00f3n.<\/p>\n<p>&nbsp;<\/p>\n<p>En el \u201cRojinegro\u201d, Mauricio Pane fue una de las figuras del plantel que, adem\u00e1s, ya hab\u00eda logrado su plaza en la Liga Federal 2024.<\/p>\n<p>&nbsp;<\/p>\n<p>Los resultados de las Finales:<\/p>\n<p>Central Entrerriano 75 \u2013 63 Santa Rosa<br \/>\nCentral Entrerriano 90 \u2013 81 Santa Rosa<br \/>\nSanta Rosa 92 \u2013 77 Central Entrerriano<br \/>\nSanta Rosa 81 \u2013 84 Central Entrerriano<\/p>\n","protected":false},"excerpt":{"rendered":"<p>Mauricio Pane se consagr\u00f3 campe\u00f3n de la 40\u00b0 edici\u00f3n de la Liga Provincial de Entre R\u00edos.<\/p>\n","protected":false},"author":96739694,"featured_media":58212,"comment_status":"closed","ping_status":"closed","sticky":false,"template":"","format":"standard","meta":{"_jetpack_memberships_contains_paid_content":false,"footnotes":""},"categories":[31,1,60],"tags":[],"class_list":["post-140419","post","type-post","status-publish","format-standard","has-post-thumbnail","hentry","category-basquet","category-portada","category-torneo-pre-federal"],"jetpack_featured_media_url":"https:\/\/i0.wp.com\/cdnoticias.com\/wp-content\/uploads\/2024\/12\/pane.jpg?fit=800%2C445&ssl=1","jetpack_sharing_enabled":true,"_links":{"self":[{"href":"https:\/\/cdnoticias.com\/index.php\/wp-json\/wp\/v2\/posts\/140419","targetHints":{"allow":["GET"]}}],"collection":[{"href":"https:\/\/cdnoticias.com\/index.php\/wp-json\/wp\/v2\/posts"}],"about":[{"href":"https:\/\/cdnoticias.com\/index.php\/wp-json\/wp\/v2\/types\/post"}],"author":[{"embeddable":true,"href":"https:\/\/cdnoticias.com\/index.php\/wp-json\/wp\/v2\/users\/96739694"}],"replies":[{"embeddable":true,"href":"https:\/\/cdnoticias.com\/index.php\/wp-json\/wp\/v2\/comments?post=140419"}],"version-history":[{"count":0,"href":"https:\/\/cdnoticias.com\/index.php\/wp-json\/wp\/v2\/posts\/140419\/revisions"}],"wp:featuredmedia":[{"embeddable":true,"href":"https:\/\/cdnoticias.com\/index.php\/wp-json\/wp\/v2\/media\/58212"}],"wp:attachment":[{"href":"https:\/\/cdnoticias.com\/index.php\/wp-json\/wp\/v2\/media?parent=140419"}],"wp:term":[{"taxonomy":"category","embeddable":true,"href":"https:\/\/cdnoticias.com\/index.php\/wp-json\/wp\/v2\/categories?post=140419"},{"taxonomy":"post_tag","embeddable":true,"href":"https:\/\/cdnoticias.com\/index.php\/wp-json\/wp\/v2\/tags?post=140419"}],"curies":[{"name":"wp","href":"https:\/\/api.w.org\/{rel}","templated":true}]}}