{"id":140416,"date":"2024-12-08T22:42:32","date_gmt":"2024-12-09T01:42:32","guid":{"rendered":"https:\/\/centraldeportes.com.ar\/?p=58172"},"modified":"2025-02-14T00:12:41","modified_gmt":"2025-02-14T03:12:41","slug":"se-jugo-la-13-edicion-de-la-copa-embajadores","status":"publish","type":"post","link":"https:\/\/cdnoticias.com\/index.php\/2024\/12\/08\/se-jugo-la-13-edicion-de-la-copa-embajadores\/","title":{"rendered":"Se jug\u00f3 la 13\u00b0 edici\u00f3n de la \u201cCopa Embajadores\u201d"},"content":{"rendered":"<p>Desde el pasado mi\u00e9rcoles hasta el mediod\u00eda del domingo se complet\u00f3 una nueva edici\u00f3n de la \u201cCopa Embajadores\u201d, la competencia tradicional para el f\u00fatbol infantil local.<!--more--><\/p>\n<hr \/>\n<p>La competencia organizada por el Club Embajadores lleg\u00f3 a la 13\u00b0 edici\u00f3n con la participaci\u00f3n de todos los clubes locales y Alumni Azule\u00f1o y Chacarita de Azul, Independiente de Chillar, Empleados de Comercio de Bol\u00edvar y Huanguel\u00e9n.<\/p>\n<p>&nbsp;<\/p>\n<p>Luego de extensas jornadas de partidos en las diferentes canchas del Tete Di Carlo y Estudiantes -subsede-, concluy\u00f3 la competencia con la disputa de las finales en la ma\u00f1ana del domingo.<\/p>\n<p>&nbsp;<\/p>\n<p>[soliloquy id=&#8221;58165&#8243;]<\/p>\n<p>&nbsp;<\/p>\n<p>Las posiciones:<\/p>\n<p>2013:<br \/>\nCampe\u00f3n: Comercio<br \/>\nSubcampe\u00f3n: Chacarita<br \/>\nTercer Puesto: El Fort\u00edn Azul<br \/>\nCuarto Puesto: Racing Azul<\/p>\n<p>&nbsp;<\/p>\n<p>2013 \u201cB\u201d:<br \/>\nCampe\u00f3n: Sierra Chica Celeste<br \/>\nSubcampe\u00f3n: Racing Amarillo<br \/>\nTercer Puesto: CEO Verde<br \/>\nCuarto Puesto: El Fort\u00edn Celeste<\/p>\n<p>&nbsp;<\/p>\n<p>2015:<br \/>\nCampe\u00f3n: El Fort\u00edn Azul<br \/>\nSubcampe\u00f3n: Alumni Azule\u00f1o Negro<br \/>\nTercer Puesto: Racing Azul<br \/>\nCuarto Puesto: Racing Blanco<\/p>\n<p>&nbsp;<\/p>\n<p>2017:<br \/>\nCampe\u00f3n: Embajadores Azul<br \/>\nSubcampe\u00f3n: CAE Rojo<br \/>\nTercer Puesto: CAE Negro<br \/>\nCuarto Puesto: El Fort\u00edn Azul<\/p>\n","protected":false},"excerpt":{"rendered":"<p>Desde el pasado mi\u00e9rcoles hasta el mediod\u00eda del domingo se complet\u00f3 una nueva edici\u00f3n de la \u201cCopa Embajadores\u201d, la competencia<\/p>\n","protected":false},"author":96739694,"featured_media":140558,"comment_status":"closed","ping_status":"closed","sticky":false,"template":"","format":"standard","meta":{"_jetpack_memberships_contains_paid_content":false,"footnotes":""},"categories":[35,40,1],"tags":[],"class_list":["post-140416","post","type-post","status-publish","format-standard","has-post-thumbnail","hentry","category-futbol","category-inferiores","category-portada"],"jetpack_featured_media_url":"https:\/\/i0.wp.com\/cdnoticias.com\/wp-content\/uploads\/2024\/12\/copa-CEO-6.jpg?fit=1280%2C853&ssl=1","jetpack_sharing_enabled":true,"_links":{"self":[{"href":"https:\/\/cdnoticias.com\/index.php\/wp-json\/wp\/v2\/posts\/140416","targetHints":{"allow":["GET"]}}],"collection":[{"href":"https:\/\/cdnoticias.com\/index.php\/wp-json\/wp\/v2\/posts"}],"about":[{"href":"https:\/\/cdnoticias.com\/index.php\/wp-json\/wp\/v2\/types\/post"}],"author":[{"embeddable":true,"href":"https:\/\/cdnoticias.com\/index.php\/wp-json\/wp\/v2\/users\/96739694"}],"replies":[{"embeddable":true,"href":"https:\/\/cdnoticias.com\/index.php\/wp-json\/wp\/v2\/comments?post=140416"}],"version-history":[{"count":0,"href":"https:\/\/cdnoticias.com\/index.php\/wp-json\/wp\/v2\/posts\/140416\/revisions"}],"wp:featuredmedia":[{"embeddable":true,"href":"https:\/\/cdnoticias.com\/index.php\/wp-json\/wp\/v2\/media\/140558"}],"wp:attachment":[{"href":"https:\/\/cdnoticias.com\/index.php\/wp-json\/wp\/v2\/media?parent=140416"}],"wp:term":[{"taxonomy":"category","embeddable":true,"href":"https:\/\/cdnoticias.com\/index.php\/wp-json\/wp\/v2\/categories?post=140416"},{"taxonomy":"post_tag","embeddable":true,"href":"https:\/\/cdnoticias.com\/index.php\/wp-json\/wp\/v2\/tags?post=140416"}],"curies":[{"name":"wp","href":"https:\/\/api.w.org\/{rel}","templated":true}]}}