{"id":140410,"date":"2024-12-07T21:57:01","date_gmt":"2024-12-08T00:57:01","guid":{"rendered":"https:\/\/centraldeportes.com.ar\/?p=58133"},"modified":"2024-12-07T21:57:01","modified_gmt":"2024-12-08T00:57:01","slug":"ferro-empato-con-villa-diaz-velez-y-definira-la-serie-en-el-colasurdo-2","status":"publish","type":"post","link":"https:\/\/cdnoticias.com\/index.php\/2024\/12\/07\/ferro-empato-con-villa-diaz-velez-y-definira-la-serie-en-el-colasurdo-2\/","title":{"rendered":"Ferro empat\u00f3 con Villa D\u00edaz V\u00e9lez y definir\u00e1 la serie en el Colasurdo"},"content":{"rendered":"\n<div class=\"wp-block-group is-layout-constrained wp-block-group-is-layout-constrained\">\n<p>En el c\u00e9sped del \u201cVasco\u201d Iparraguirre, el \u201cCarbonero\u201d y el \u201cNaranja\u201d igualaron 2 a 2 por el encuentro de ida de cuartos de final de la Regi\u00f3n Pampeana Sur.<!--more--><\/p>\n<hr \/>\n<p>En la continuidad de los Play-Off del <strong>Torneo Regional Amateur<\/strong>, <strong>Ferro<\/strong> viaj\u00f3 este s\u00e1bado a Necochea para disputar los primeros noventa minutos de la serie contra<strong> Villa D\u00edaz V\u00e9lez<\/strong>, el vigente campe\u00f3n de la liga balnearia.<\/p>\n<p>\u00a0<\/p>\n<p>Soportando el clima cambiante de lluvia y sol, <strong>el \u201cCarbonero\u201d, que siempre corri\u00f3 de arriba en el marcador, igual\u00f3 2 a 2 con el \u201cNaranja\u201d en el Estadio Jorge \u201cVasco\u201d Iparraguirre<\/strong>.<\/p>\n<p>\u00a0<\/p>\n<p><img data-recalc-dims=\"1\" loading=\"lazy\" decoding=\"async\" class=\"aligncenter size-full wp-image-58136\" src=\"https:\/\/i0.wp.com\/centraldeportes.com.ar\/wp-content\/uploads\/2024\/12\/TRFA-Cuartos-Ida-Villa-Diaz-Velez-vs-Ferro-e1733619358904.jpg?resize=800%2C478&#038;ssl=1\" alt=\"\" width=\"800\" height=\"478\" \/><\/p>\n<p>\u00a0<\/p>\n<p>A los 7\u2019, el conjunto olavarriense se puso en ventaja por intermedio de <strong>Diego Mart\u00ednez<\/strong> y m\u00e1s tarde, a los 26\u2019, el goleador <strong>Fernando Montes<\/strong> estableci\u00f3 la paridad transitoria para los de Fern\u00e1ndez al cabo de la primera mitad.<\/p>\n<p>\u00a0<\/p>\n<p>En el complemento, <strong>\u201cChuky\u201d Abent\u00edn<\/strong> alcanz\u00f3 a peinar un centro de Roselli y volvi\u00f3 a poner en ventaja a Ferro cuando el reloj marc\u00f3 57\u2019. Sin embargo, por la misma v\u00eda en el minuto 78\u2019, <strong>Eduardo Ber\u00f3n<\/strong> conect\u00f3 de cabeza el 2 a 2 definitivo para Villa D\u00edaz V\u00e9lez.<\/p>\n<p>\u00a0<\/p>\n<p><img data-recalc-dims=\"1\" loading=\"lazy\" decoding=\"async\" class=\"aligncenter size-full wp-image-58134\" src=\"https:\/\/i0.wp.com\/centraldeportes.com.ar\/wp-content\/uploads\/2024\/12\/TRFA-Cuartos-Ida-Villa-Diaz-Velez-vs-Ferro2-e1733619377778.jpg?resize=800%2C474&#038;ssl=1\" alt=\"\" width=\"800\" height=\"474\" \/><\/p>\n<p>\u00a0<\/p>\n<p>Ahora, con todo empardado,<strong> la serie se definir\u00e1 el pr\u00f3ximo domingo en Olavarr\u00eda, donde Ferro recibir\u00e1 al \u201cNaranja\u201d en el Estadio Domingo Colasurdo<\/strong>. A\u00fan resta confirmaci\u00f3n de horario y designaciones arbitrales por parte del Consejo Federal.<\/p>\n<p>\u00a0<\/p>\n<p><strong>S\u00edntesis Villa D\u00edaz V\u00e9lez (Necochea) \u2013 Ferro Carril Sud:<\/strong><\/p>\n<p><strong>Villa D\u00edaz V\u00e9lez (2): <\/strong>Mat\u00edas Quinteros; Jonathan R\u00edos (F. De Reyes), Nicol\u00e1s Pistarini (M. Massan), Carlos Trujillo, Walter Alberti (R. Mart\u00ednez); Juan Ignacio Calder\u00f3n, Juan Manuel Muguiro (F. Mier), Ariel Ruiz, Franco P\u00e9rez; Eduardo Ber\u00f3n y Fernando Montes (M. Ortiz). DT: Pablo Fern\u00e1ndez.<\/p>\n<p><strong>Ferro (2):<\/strong> \u00c1lex Ver\u00f3n; Joaqu\u00edn Ayesa, Franco Aguirre, Math\u00edas Buongiorno; Franco Hammerschmidt (M. Tamagnini); Laureano Tello (R. S\u00e1nchez), Nahuel Roselli (W. Bracamonte), Agust\u00edn V\u00e1zquez, Leonel Iriarte (G. Borda); Manuel Abent\u00edn y Diego Mart\u00ednez (N. Lareu). DT: Rub\u00e9n Istillarte.<\/p>\n<p><strong>Goles:<\/strong> 7min PT Diego Mart\u00ednez (FCS), 26min PT Fernando Montes (VDV); 12min ST Manuel Abent\u00edn (FCS); 23min ST Eduardo Ber\u00f3n (VDV).<\/p>\n<p><strong>Amonestados:<\/strong> P\u00e9rez (Villa D\u00edaz V\u00e9lez); Hammerschmidt y V\u00e1zquez (Ferro).<\/p>\n<p><strong>Expulsados:<\/strong> No hubo.<\/p>\n<p><strong>\u00c1rbitro:<\/strong> Claudio Cabrelli (Balcarce). <strong>Estadio:<\/strong> Jorge \u201cVasco\u201d Iparraguirre.<\/p>\n<p>\u00a0<\/p>\n<p><em><strong>Fotos: Ver\u00f3nica Vivas \/\/ @verito_fotografias.<\/strong><\/em><\/p>\n<\/div>\n","protected":false},"excerpt":{"rendered":"<p>En el c\u00e9sped del \u201cVasco\u201d Iparraguirre, el \u201cCarbonero\u201d y el \u201cNaranja\u201d igualaron 2 a 2 por el encuentro de ida<\/p>\n","protected":false},"author":96739695,"featured_media":58135,"comment_status":"closed","ping_status":"closed","sticky":false,"template":"","format":"standard","meta":{"_jetpack_memberships_contains_paid_content":false,"footnotes":""},"categories":[35,1,54],"tags":[],"class_list":["post-140410","post","type-post","status-publish","format-standard","has-post-thumbnail","hentry","category-futbol","category-portada","category-torneo-regional-amateur"],"jetpack_featured_media_url":"https:\/\/i0.wp.com\/cdnoticias.com\/wp-content\/uploads\/2022\/06\/HCD-maite-salerno.jpg?fit=800%2C445&ssl=1","jetpack_sharing_enabled":true,"_links":{"self":[{"href":"https:\/\/cdnoticias.com\/index.php\/wp-json\/wp\/v2\/posts\/140410","targetHints":{"allow":["GET"]}}],"collection":[{"href":"https:\/\/cdnoticias.com\/index.php\/wp-json\/wp\/v2\/posts"}],"about":[{"href":"https:\/\/cdnoticias.com\/index.php\/wp-json\/wp\/v2\/types\/post"}],"author":[{"embeddable":true,"href":"https:\/\/cdnoticias.com\/index.php\/wp-json\/wp\/v2\/users\/96739695"}],"replies":[{"embeddable":true,"href":"https:\/\/cdnoticias.com\/index.php\/wp-json\/wp\/v2\/comments?post=140410"}],"version-history":[{"count":0,"href":"https:\/\/cdnoticias.com\/index.php\/wp-json\/wp\/v2\/posts\/140410\/revisions"}],"wp:featuredmedia":[{"embeddable":true,"href":"https:\/\/cdnoticias.com\/index.php\/wp-json\/wp\/v2\/media\/58135"}],"wp:attachment":[{"href":"https:\/\/cdnoticias.com\/index.php\/wp-json\/wp\/v2\/media?parent=140410"}],"wp:term":[{"taxonomy":"category","embeddable":true,"href":"https:\/\/cdnoticias.com\/index.php\/wp-json\/wp\/v2\/categories?post=140410"},{"taxonomy":"post_tag","embeddable":true,"href":"https:\/\/cdnoticias.com\/index.php\/wp-json\/wp\/v2\/tags?post=140410"}],"curies":[{"name":"wp","href":"https:\/\/api.w.org\/{rel}","templated":true}]}}